{"id":8303,"date":"2026-07-09T11:29:17","date_gmt":"2026-07-09T15:29:17","guid":{"rendered":"https:\/\/fundadeporte.gob.ve\/carabobo\/?p=8303"},"modified":"2026-07-15T09:18:03","modified_gmt":"2026-07-15T13:18:03","slug":"arianye-echandia-campeonato-mundial-iwf-sub-17-cali-2026","status":"publish","type":"post","link":"https:\/\/fundadeporte.gob.ve\/carabobo\/arianye-echandia-campeonato-mundial-iwf-sub-17-cali-2026\/","title":{"rendered":"Pesista carabobe\u00f1a Arianye Echandia conquista el bronce en Campeonato Mundial IWF Sub-17 Cali\u00a02026"},"content":{"rendered":"<section class=\"pt-44 pb-6 bg-[#0f3460] text-white relative\">\n<h4 class=\"max-w-[1440px] mx-auto px-6 relative z-10\"><span style=\"color: #000080;\">La pesista Arianye Echandia se alz\u00f3 con dos medallas de bronce durante el segundo d\u00eda de competencias del Campeonato Mundial Juvenil de Levantamiento de Pesas de la IWF Sub-17 Cali 2026. La atleta carabobe\u00f1a demostr\u00f3 su t\u00e9cnica en la divisi\u00f3n de los 53 kilogramos sobre la plataforma instalada en <\/span><span class=\"citation-11\" style=\"color: #000080;\">el <\/span><b style=\"color: #000080;\" data-path-to-node=\"0\" data-index-in-node=\"130\"><span class=\"citation-11 citation-end-11\">Coliseo El Pueblo que <span class=\"citation-10 citation-end-10\">alberg\u00f3 a m\u00e1s de 200 deportistas de cerca de 50 pa\u00edses que participaron en las distintas divisiones del certamen<\/span><\/span><\/b><span style=\"color: #000080;\">.<\/span><\/h4>\n<\/section>\n<section class=\"py-16 bg-white\">\n<div class=\"max-w-[1440px] mx-auto px-6\">\n<div class=\"flow-root relative mb-4 pb-4 border-b border-slate-100\">\n<p data-path-to-node=\"4\">En la primera prueba de la jornada, la modalidad de arranque, la representante regional inici\u00f3 su participaci\u00f3n levantando<strong> 82 kilogramos<\/strong> con gran solidez. A pesar de fallar su segundo intento con 84 kilogramos, Echandia hizo gala de su concentraci\u00f3n y fuerza t\u00e1ctica para consolidar esa misma carga en su tercera y \u00faltima oportunidad, <strong>asegurando as\u00ed su primera presea de bronce<\/strong>. El metal dorado en esta etapa qued\u00f3 en manos de la turcomana Ogulshat Amonaova con un registro de 86 kilogramos, mientras que la medalla de plata fue para la filipina Jhodie Peralta al levantar 85 kilogramos.<\/p>\n<p data-path-to-node=\"5\">La destreza de la carabobe\u00f1a se mantuvo firme en la modalidad de envi\u00f3n o dos tiempos, donde logr\u00f3 colgarse <strong>su segunda medalla de bronce<\/strong> al registrar un levantamiento impecable de 103 kilogramos en su primer intento. Posteriormente, en la b\u00fasqueda de superar sus marcas personales y escalar posiciones, fall\u00f3 de manera consecutiva al intentar alzar 106 y 108 kilogramos. El dominio absoluto del envi\u00f3n correspondi\u00f3 a las representantes de Turkmenist\u00e1n, siendo Ogulshat Amonaova y Snanam Kerinbayeba las ganadoras del oro y la plata respectivamente. Ambas registraron un levantamiento de 105 kilogramos, defini\u00e9ndose las posiciones finales a favor de Amonaova debido a su menor peso corporal al momento del pesaje oficial.<\/p>\n<p data-path-to-node=\"6\">Tras culminar ambas modalidades, la pesista carabobe\u00f1a <strong>cerr\u00f3 su destacada participaci\u00f3n mundialista ocupando la cuarta casilla del total ol\u00edmpico con una sumatoria de 188 kilogramos,<\/strong> igualando en peso a sus rivales directas pero cediendo su lugar en el podio global por los criterios de desempate reglamentarios. La medalla de oro en el total absoluto fue para Amonova con 191 kilogramos, escoltada por la filipina Peralta con 188 kilogramos y Kerinbayeba, quien cerr\u00f3 en el tercer lugar con la misma marca de 188 kilogramos.<\/p>\n<blockquote>\n<p data-path-to-node=\"6\">\u00abGracias a Dios primeramente por todo, s\u00e9 que no eran los resultados esperados pero quedamos entre los 3 mejores del mundo, esto es solo el comienzo de muchas cosas.\u00bb expres\u00f3 la deportista carabobe\u00f1a en su red social.<\/p>\n<\/blockquote>\n<p data-path-to-node=\"6\">La delegaci\u00f3n de Venezuela que asisti\u00f3 a la cita mundialista, adem\u00e1s de <strong>la atleta carabobe\u00f1a Arianye Echandia en la divisi\u00f3n de los 53 kilogramos<\/strong>, cont\u00f3 con la participaci\u00f3n de Valeria Osorio en la categor\u00eda de 48 kilogramos y Lidysmar Aparicio en la divisi\u00f3n de m\u00e1s de 77 kilogramos. Por el bando masculino, el poder patrio se hace sentir a trav\u00e9s de Isaac Mart\u00ednez en la competencia de los 60 kilogramos, David Linares en el rengl\u00f3n de los 65 kilogramos y Osneiber Pirona en la divisi\u00f3n de los 71 kilogramos. Este selecto grupo de pesistas juveniles acude al compromiso internacional bajo la direcci\u00f3n de un cuerpo t\u00e9cnico integrado por Hugo Vargas y Francy Venales, acompa\u00f1ados adem\u00e1s por la destacada labor arbitral de los jueces venezolanos Jos\u00e9 Caballero, Liliana S\u00e1nchez y Jos\u00e9 G\u00f3mez.<\/p>\n<p data-path-to-node=\"7\">Este brillante desempe\u00f1o en suelo colombiano reafirma el excepcional talento de la halterofilia regional y consolida su proyecci\u00f3n internacional, recordando que <strong>la carabobe\u00f1a Arianye Echandia forj\u00f3 este camino de triunfos<\/strong> tras su destacada consagraci\u00f3n previa como<strong> Campeona de los Juegos Suramericanos de la Juventud 2026<\/strong> realizados en abril, en la misma divisi\u00f3n de los 53 kilogramos, estableciendo <b data-path-to-node=\"9,0,0\" data-index-in-node=\"0\">R\u00e9cord Panamericano Sub-17, <\/b><b data-path-to-node=\"9,1,0\" data-index-in-node=\"0\">R\u00e9cord Suramericano Sub-17, <\/b><b data-path-to-node=\"9,2,0\" data-index-in-node=\"0\">R\u00e9cord de los Juegos Suramericanos de la Juventud y <\/b><b data-path-to-node=\"9,3,0\" data-index-in-node=\"0\">R\u00e9cord Nacional Sub-17 y Sub-20.<\/b><\/p>\n<blockquote class=\"wp-embedded-content\" data-secret=\"RZCffzlnGl\"><p><a href=\"https:\/\/fundadeporte.gob.ve\/carabobo\/arianye-echandia-juegos-suramericanos-juventud-2026\/\">La carabobe\u00f1a Arianye Echand\u00eda pulveriz\u00f3 r\u00e9cords en los Juegos Suramericanos de la Juventud 2026<\/a><\/p><\/blockquote>\n<p><iframe loading=\"lazy\" class=\"wp-embedded-content\" sandbox=\"allow-scripts\" security=\"restricted\" style=\"position: absolute; visibility: hidden;\" title=\"\u00abLa carabobe\u00f1a Arianye Echand\u00eda pulveriz\u00f3 r\u00e9cords en los Juegos Suramericanos de la Juventud 2026\u00bb \u2014 Fundadeporte\" src=\"https:\/\/fundadeporte.gob.ve\/carabobo\/arianye-echandia-juegos-suramericanos-juventud-2026\/embed\/#?secret=12hM0vJ0fz#?secret=RZCffzlnGl\" data-secret=\"RZCffzlnGl\" width=\"600\" height=\"338\" frameborder=\"0\" marginwidth=\"0\" marginheight=\"0\" scrolling=\"no\"><\/iframe><\/p>\n<\/div>\n<\/div>\n<\/section>\n","protected":false},"excerpt":{"rendered":"<p>La pesista Arianye Echandia se alz\u00f3 con dos medallas de bronce durante el segundo d\u00eda de competencias del Campeonato Mundial Juvenil de Levantamiento de Pesas de la IWF Sub-17 Cali 2026. La atleta carabobe\u00f1a demostr\u00f3 su t\u00e9cnica en la divisi\u00f3n de los 53 kilogramos sobre la plataforma instalada en el Coliseo El Pueblo que alberg\u00f3 [&hellip;]<\/p>\n","protected":false},"author":4,"featured_media":8314,"comment_status":"open","ping_status":"closed","sticky":false,"template":"","format":"standard","meta":{"om_disable_all_campaigns":false,"_monsterinsights_skip_tracking":false,"footnotes":""},"categories":[66],"tags":[464,326,93],"class_list":["post-8303","post","type-post","status-publish","format-standard","has-post-thumbnail","hentry","category-deportes","tag-arianye-echandia","tag-campeonato-mundial-de-levantamiento-de-pesas","tag-levantamiento-de-pesas"],"_links":{"self":[{"href":"https:\/\/fundadeporte.gob.ve\/carabobo\/wp-json\/wp\/v2\/posts\/8303","targetHints":{"allow":["GET"]}}],"collection":[{"href":"https:\/\/fundadeporte.gob.ve\/carabobo\/wp-json\/wp\/v2\/posts"}],"about":[{"href":"https:\/\/fundadeporte.gob.ve\/carabobo\/wp-json\/wp\/v2\/types\/post"}],"author":[{"embeddable":true,"href":"https:\/\/fundadeporte.gob.ve\/carabobo\/wp-json\/wp\/v2\/users\/4"}],"replies":[{"embeddable":true,"href":"https:\/\/fundadeporte.gob.ve\/carabobo\/wp-json\/wp\/v2\/comments?post=8303"}],"version-history":[{"count":5,"href":"https:\/\/fundadeporte.gob.ve\/carabobo\/wp-json\/wp\/v2\/posts\/8303\/revisions"}],"predecessor-version":[{"id":8315,"href":"https:\/\/fundadeporte.gob.ve\/carabobo\/wp-json\/wp\/v2\/posts\/8303\/revisions\/8315"}],"wp:featuredmedia":[{"embeddable":true,"href":"https:\/\/fundadeporte.gob.ve\/carabobo\/wp-json\/wp\/v2\/media\/8314"}],"wp:attachment":[{"href":"https:\/\/fundadeporte.gob.ve\/carabobo\/wp-json\/wp\/v2\/media?parent=8303"}],"wp:term":[{"taxonomy":"category","embeddable":true,"href":"https:\/\/fundadeporte.gob.ve\/carabobo\/wp-json\/wp\/v2\/categories?post=8303"},{"taxonomy":"post_tag","embeddable":true,"href":"https:\/\/fundadeporte.gob.ve\/carabobo\/wp-json\/wp\/v2\/tags?post=8303"}],"curies":[{"name":"wp","href":"https:\/\/api.w.org\/{rel}","templated":true}]}}