{"id":7843,"date":"2026-04-24T09:50:55","date_gmt":"2026-04-24T13:50:55","guid":{"rendered":"https:\/\/fundadeporte.gob.ve\/carabobo\/?p=7843"},"modified":"2026-04-24T10:14:53","modified_gmt":"2026-04-24T14:14:53","slug":"denisos-martinez-ittf-world-para-future-2026","status":"publish","type":"post","link":"https:\/\/fundadeporte.gob.ve\/carabobo\/denisos-martinez-ittf-world-para-future-2026\/","title":{"rendered":"El carabobe\u00f1o Denisos Mart\u00ednez conquista el bronce en el ITTF World Para Future 2026"},"content":{"rendered":"<h4 data-path-to-node=\"2\"><span style=\"color: #003366;\">El Centro de Entrenamiento Paral\u00edmpico del Parque Estadio Nacional en la regi\u00f3n metropolitana de Santiago de Chile, se convirti\u00f3 en el escenario donde la selecci\u00f3n venezolana volvi\u00f3 a brillar con luz propia, representada por el carabobe\u00f1o <b data-path-to-node=\"2\" data-index-in-node=\"290\">Denisos Mart\u00ednez<\/b> quien se alz\u00f3 con la medalla de bronce en la <b data-path-to-node=\"2\" data-index-in-node=\"346\">Clase 11 (discapacidad intelectual)<\/b>, consolidando su estatus como uno de los paratletas m\u00e1s determinantes del continente.<\/span><\/h4>\n<p data-path-to-node=\"5\">El torneo <b data-path-to-node=\"5\" data-index-in-node=\"10\">ITTF World Para Future Santiago 2026<\/b>, celebrado del 18 al 21 de abril, reuni\u00f3 a 146 jugadores de 20 delegaciones. Para Mart\u00ednez, cada set fue una declaraci\u00f3n de intenciones. Tras una fase de grupos impecable, el \u00aborgullo de Carabobo\u00bb demostr\u00f3 que su experiencia acumulada en los <strong>Juegos Paral\u00edmpicos de Tokio 2020<\/strong>, \u00a0los <b data-path-to-node=\"0\" data-index-in-node=\"336\">Juegos Parapanamericanos Santiago 2023<\/b> y su paso por ligas europeas fueron pilares fundamentales para su experiencia deportiva.<\/p>\n<p data-path-to-node=\"6\">Aunque el oro fue esquivo en las semifinales, el tercer lugar obtenido por Denisos sigue siendo fundamental en el ranking internacional. Este resultado le otorga puntos en el camino a los <b data-path-to-node=\"6\" data-index-in-node=\"224\">Juegos Parasuramericanos Valledupar 2026<\/b> y, a largo plazo, la ruta hacia <b data-path-to-node=\"6\" data-index-in-node=\"297\">Los \u00c1ngeles 2028<\/b>.<\/p>\n<p data-path-to-node=\"10\">Para entender la magnitud del logro de Mart\u00ednez, es necesario desglosar qu\u00e9 significa competir en la <b data-path-to-node=\"10\" data-index-in-node=\"101\">Clase 11<\/b>. Esta categor\u00eda agrupa a atletas con discapacidad intelectual que enfrentan retos espec\u00edficos en la planificaci\u00f3n del juego y la respuesta a cambios t\u00e1cticos r\u00e1pidos. El carabobe\u00f1o ha perfeccionado su t\u00e9cnica bajo la tutela de entrenadores como Alexis Tovar y, m\u00e1s recientemente, el equipo nacional liderado por Maryori Montenegro y Gualter Morales.<\/p>\n<p data-path-to-node=\"14\">Adem\u00e1s de Denisos, la delegaci\u00f3n venezolana dej\u00f3 una huella profunda en territorio chileno con la participaci\u00f3n de <b data-path-to-node=\"15,0,0\" data-index-in-node=\"0\">Yoleidy Fern\u00e1ndez <\/b>quien colg\u00f3 la medalla de plata en la categor\u00eda 4-5, demostrando que el equipo femenino est\u00e1 en su mejor momento. Igualmente <b data-path-to-node=\"15,1,0\" data-index-in-node=\"0\">Roberto Quijada, <\/b>el veterano paratleta sigue siendo una pieza clave en la estructura de dobles y singles, aportando la estabilidad necesaria en torneos de alta presi\u00f3n y <strong>Edgar D\u00edaz<\/strong> (Clase 7) con amplia experiencia en competencias regionales\u2028.<\/p>\n<p>Del 23 al 26 de abril, el equipo competir\u00e1 en el <strong>ITTF Para Challenger S\u00e3o Paulo, Brasil<\/strong>, consolidando as\u00ed una gira importante en su calendario internacional.<\/p>\n<blockquote class=\"wp-embedded-content\" data-secret=\"Fezo7ZYKuf\"><p><a href=\"https:\/\/fundadeporte.gob.ve\/carabobo\/tenis-de-mesa-juegos-parapanamericanos-santiago-2023\/\">Denisos Mart\u00ednez logra Plata en los Juegos Parapanamericanos de Santiago 2023<\/a><\/p><\/blockquote>\n<p><iframe loading=\"lazy\" class=\"wp-embedded-content\" sandbox=\"allow-scripts\" security=\"restricted\" style=\"position: absolute; visibility: hidden;\" title=\"\u00abDenisos Mart\u00ednez logra Plata en los Juegos Parapanamericanos de Santiago 2023\u00bb \u2014 Fundadeporte\" src=\"https:\/\/fundadeporte.gob.ve\/carabobo\/tenis-de-mesa-juegos-parapanamericanos-santiago-2023\/embed\/#?secret=ei0NOuIA7H#?secret=Fezo7ZYKuf\" data-secret=\"Fezo7ZYKuf\" width=\"600\" height=\"338\" frameborder=\"0\" marginwidth=\"0\" marginheight=\"0\" scrolling=\"no\"><\/iframe><\/p>\n","protected":false},"excerpt":{"rendered":"<p>El Centro de Entrenamiento Paral\u00edmpico del Parque Estadio Nacional en la regi\u00f3n metropolitana de Santiago de Chile, se convirti\u00f3 en el escenario donde la selecci\u00f3n venezolana volvi\u00f3 a brillar con luz propia, representada por el carabobe\u00f1o Denisos Mart\u00ednez quien se alz\u00f3 con la medalla de bronce en la Clase 11 (discapacidad intelectual), consolidando su estatus [&hellip;]<\/p>\n","protected":false},"author":4,"featured_media":7844,"comment_status":"open","ping_status":"closed","sticky":false,"template":"","format":"standard","meta":{"om_disable_all_campaigns":false,"_monsterinsights_skip_tracking":false,"_monsterinsights_sitenote_active":false,"_monsterinsights_sitenote_note":"","_monsterinsights_sitenote_category":0,"footnotes":""},"categories":[14],"tags":[77,466],"class_list":["post-7843","post","type-post","status-publish","format-standard","has-post-thumbnail","hentry","category-tenis","tag-denisos-martinez","tag-paratenis"],"_links":{"self":[{"href":"https:\/\/fundadeporte.gob.ve\/carabobo\/wp-json\/wp\/v2\/posts\/7843","targetHints":{"allow":["GET"]}}],"collection":[{"href":"https:\/\/fundadeporte.gob.ve\/carabobo\/wp-json\/wp\/v2\/posts"}],"about":[{"href":"https:\/\/fundadeporte.gob.ve\/carabobo\/wp-json\/wp\/v2\/types\/post"}],"author":[{"embeddable":true,"href":"https:\/\/fundadeporte.gob.ve\/carabobo\/wp-json\/wp\/v2\/users\/4"}],"replies":[{"embeddable":true,"href":"https:\/\/fundadeporte.gob.ve\/carabobo\/wp-json\/wp\/v2\/comments?post=7843"}],"version-history":[{"count":6,"href":"https:\/\/fundadeporte.gob.ve\/carabobo\/wp-json\/wp\/v2\/posts\/7843\/revisions"}],"predecessor-version":[{"id":7850,"href":"https:\/\/fundadeporte.gob.ve\/carabobo\/wp-json\/wp\/v2\/posts\/7843\/revisions\/7850"}],"wp:featuredmedia":[{"embeddable":true,"href":"https:\/\/fundadeporte.gob.ve\/carabobo\/wp-json\/wp\/v2\/media\/7844"}],"wp:attachment":[{"href":"https:\/\/fundadeporte.gob.ve\/carabobo\/wp-json\/wp\/v2\/media?parent=7843"}],"wp:term":[{"taxonomy":"category","embeddable":true,"href":"https:\/\/fundadeporte.gob.ve\/carabobo\/wp-json\/wp\/v2\/categories?post=7843"},{"taxonomy":"post_tag","embeddable":true,"href":"https:\/\/fundadeporte.gob.ve\/carabobo\/wp-json\/wp\/v2\/tags?post=7843"}],"curies":[{"name":"wp","href":"https:\/\/api.w.org\/{rel}","templated":true}]}}