{"id":7835,"date":"2026-04-24T09:20:47","date_gmt":"2026-04-24T13:20:47","guid":{"rendered":"https:\/\/fundadeporte.gob.ve\/carabobo\/?p=7835"},"modified":"2026-04-24T09:30:05","modified_gmt":"2026-04-24T13:30:05","slug":"carabobo-campeonato-regional-natacion-zona-centro-2026","status":"publish","type":"post","link":"https:\/\/fundadeporte.gob.ve\/carabobo\/carabobo-campeonato-regional-natacion-zona-centro-2026\/","title":{"rendered":"Carabobo domina el Regional de Nataci\u00f3n Zona Centro y apunta a los Juegos Nacionales"},"content":{"rendered":"<h4 data-path-to-node=\"6\"><span style=\"color: #003366;\">Carabobo reafirm\u00f3 su estatus de potencia nacional en nataci\u00f3n al conquistar los m\u00e1ximos honores en el <b data-path-to-node=\"6\" data-index-in-node=\"123\">Campeonato Regional de Nataci\u00f3n Zona Centro 2026<\/b>, cita que se llev\u00f3 a cabo del <b data-path-to-node=\"6\" data-index-in-node=\"202\">15 al 19 de abril<\/b> en el emblem\u00e1tico Complejo de Piscinas \u201cGoyo Tavio\u201d del Parque Naciones Unidas, en la ciudad de Caracas.<\/span><\/h4>\n<p data-path-to-node=\"7\">El evento, que reuni\u00f3 a una masiva participaci\u00f3n de delegaciones provenientes de <b data-path-to-node=\"7\" data-index-in-node=\"81\">siete estados<\/b> de la regi\u00f3n central, fue organizado por la<strong> Asociaci\u00f3n de Deportes Acu\u00e1ticos del Estado Miranda (ADAEM)<\/strong>. La competici\u00f3n cont\u00f3 con el aval t\u00e9cnico de la <b data-path-to-node=\"7\" data-index-in-node=\"247\">Federaci\u00f3n Venezolana de Deportes Acu\u00e1ticos (FEVEDA)<\/b> y el respaldo institucional del Ministerio del Deporte, garantizando un nivel competitivo de alta factura.<\/p>\n<p data-path-to-node=\"9\">La representaci\u00f3n \u00abvinotinto\u00bb estuvo integrada por un contingente de <b data-path-to-node=\"9\" data-index-in-node=\"69\">200 atletas<\/b> pertenecientes a 10 clubes de la entidad, la delegaci\u00f3n cont\u00f3 con el respaldo integral de la <b data-path-to-node=\"9\" data-index-in-node=\"220\">Asociaci\u00f3n de Deportes Acu\u00e1ticos del Estado Carabobo (ADAC)<\/b>, que despleg\u00f3 un equipo multidisciplinario para garantizar el rendimiento \u00f3ptimo de los nadadores en cada jornada en las categor\u00edas Atletas infantiles A y B (10-13 a\u00f1os).<\/p>\n<figure id=\"attachment_7838\" aria-describedby=\"caption-attachment-7838\" style=\"width: 1008px\" class=\"wp-caption aligncenter\"><img loading=\"lazy\" decoding=\"async\" class=\"size-full wp-image-7838\" src=\"https:\/\/fundadeporte.gob.ve\/carabobo\/wp-content\/uploads\/2026\/04\/Estefania-Sequera.jpg\" alt=\"\" width=\"1008\" height=\"617\" srcset=\"https:\/\/fundadeporte.gob.ve\/carabobo\/wp-content\/uploads\/2026\/04\/Estefania-Sequera.jpg 1008w, https:\/\/fundadeporte.gob.ve\/carabobo\/wp-content\/uploads\/2026\/04\/Estefania-Sequera-300x184.jpg 300w, https:\/\/fundadeporte.gob.ve\/carabobo\/wp-content\/uploads\/2026\/04\/Estefania-Sequera-768x470.jpg 768w\" sizes=\"auto, (max-width: 1008px) 100vw, 1008px\" \/><figcaption id=\"caption-attachment-7838\" class=\"wp-caption-text\">Estefan\u00eda Sequera la atleta m\u00e1s destacada en el Infantil B<\/figcaption><\/figure>\n<p data-path-to-node=\"11\"><b data-path-to-node=\"11\" data-index-in-node=\"46\">Estefan\u00eda Sequera<\/b>, la joven nadadora de la categor\u00eda <b data-path-to-node=\"11\" data-index-in-node=\"99\">Infantil B<\/b> se consagr\u00f3 como la figura m\u00e1s destacada del certamen. Su dominio en las pruebas de velocidad y resistencia no solo le otorg\u00f3 m\u00faltiples medallas doradas, sino que la posicion\u00f3 como la gran promesa de la nataci\u00f3n venezolana para el presente ciclo ol\u00edmpico juvenil. Su r\u00e9cord para esta competencia qued\u00f3 registrado en 1er Lugar 50mts Espalda y R\u00e9cord Estadal, 1er Lugar 100mts Mariposa y R\u00e9cord Estadal, 1er Lugar 100mts Libre y R\u00e9cord Estadal, 1er Lugar 50mts Pecho, 1er Lugar 50mts Mariposa, 1er Lugar 50mts Libre, 2do Lugar 100mts Pecho y 5to Lugar 100mts Espalda. Por Equipos: 2do Lugar Relevo Mixto Estilo 4x100mts, 4to Lugar Relevo Estilo 4x100mts y 6to Lugar Relevo Libre 4&#215;100.<\/p>\n<blockquote data-path-to-node=\"14\">\n<p data-path-to-node=\"14,0\">\u201cEstamos sumamente orgullosos del coraje mostrado en el Parque Naciones Unidas. Estos resultados son el fruto de una planificaci\u00f3n seria. Felicito a cada atleta por su entrega y al personal multidisciplinario que trabaj\u00f3 incansablemente. Carabobo sigue siendo referencia y vamos con todo a los Juegos Nacionales\u201d, afirm\u00f3 el <b data-path-to-node=\"14,0\" data-index-in-node=\"324\">Lic. Ra\u00fal P\u00e9rez<\/b>, presidente de la ADAC.<\/p>\n<\/blockquote>\n<p data-path-to-node=\"15\">Por su parte, <b data-path-to-node=\"15\" data-index-in-node=\"14\">Gianna Hugolini<\/b>, Directora de Nataci\u00f3n de la ADAC, destac\u00f3 la evoluci\u00f3n t\u00e9cnica observada en la piscina caraque\u00f1a:<\/p>\n<blockquote data-path-to-node=\"16\">\n<p data-path-to-node=\"16,0\">\u201cVer el nivel t\u00e9cnico de nuestros nadadores nos llena de plena confianza y optimismo. El trabajo se est\u00e1 haciendo de forma correcta. Aunque a\u00fan queda camino por delante, se dieron grandes pasos en este evento que re\u00fane lo mejor de la zona central\u201d.<\/p>\n<\/blockquote>\n<p data-path-to-node=\"17\">Con este resultado, Carabobo env\u00eda un mensaje de contundencia al resto del pa\u00eds: los \u00abtritones\u00bb y \u00absirenas\u00bb del Cabriales est\u00e1n listos para seguir reinando en las aguas nacionales. La mirada est\u00e1 puesta en los dos compromisos de mayor envergadura del calendario anual: los <b data-path-to-node=\"13\" data-index-in-node=\"226\">Juegos Deportivos Nacionales Juveniles 2026<\/b> y los <b data-path-to-node=\"13\" data-index-in-node=\"276\">Juegos Nacionales Estudiantiles<\/b>.<\/p>\n<blockquote class=\"wp-embedded-content\" data-secret=\"ED5Gb27tYz\"><p><a href=\"https:\/\/fundadeporte.gob.ve\/carabobo\/estefania-sequera-natacion\/\">La sirena Estefan\u00eda Sequera se convierte en la promesa carabobe\u00f1a de la nataci\u00f3n<\/a><\/p><\/blockquote>\n<p><iframe loading=\"lazy\" class=\"wp-embedded-content\" sandbox=\"allow-scripts\" security=\"restricted\" style=\"position: absolute; visibility: hidden;\" title=\"\u00abLa sirena Estefan\u00eda Sequera se convierte en la promesa carabobe\u00f1a de la nataci\u00f3n\u00bb \u2014 Fundadeporte\" src=\"https:\/\/fundadeporte.gob.ve\/carabobo\/estefania-sequera-natacion\/embed\/#?secret=YbYCoSkFLL#?secret=ED5Gb27tYz\" data-secret=\"ED5Gb27tYz\" width=\"600\" height=\"338\" frameborder=\"0\" marginwidth=\"0\" marginheight=\"0\" scrolling=\"no\"><\/iframe><\/p>\n","protected":false},"excerpt":{"rendered":"<p>Carabobo reafirm\u00f3 su estatus de potencia nacional en nataci\u00f3n al conquistar los m\u00e1ximos honores en el Campeonato Regional de Nataci\u00f3n Zona Centro 2026, cita que se llev\u00f3 a cabo del 15 al 19 de abril en el emblem\u00e1tico Complejo de Piscinas \u201cGoyo Tavio\u201d del Parque Naciones Unidas, en la ciudad de Caracas. El evento, que [&hellip;]<\/p>\n","protected":false},"author":4,"featured_media":7837,"comment_status":"open","ping_status":"closed","sticky":false,"template":"","format":"standard","meta":{"om_disable_all_campaigns":false,"_monsterinsights_skip_tracking":false,"_monsterinsights_sitenote_active":false,"_monsterinsights_sitenote_note":"","_monsterinsights_sitenote_category":0,"footnotes":""},"categories":[30],"tags":[465,444],"class_list":["post-7835","post","type-post","status-publish","format-standard","has-post-thumbnail","hentry","category-natacion","tag-campeonato-regional-de-natacion","tag-estefania-sequera"],"_links":{"self":[{"href":"https:\/\/fundadeporte.gob.ve\/carabobo\/wp-json\/wp\/v2\/posts\/7835","targetHints":{"allow":["GET"]}}],"collection":[{"href":"https:\/\/fundadeporte.gob.ve\/carabobo\/wp-json\/wp\/v2\/posts"}],"about":[{"href":"https:\/\/fundadeporte.gob.ve\/carabobo\/wp-json\/wp\/v2\/types\/post"}],"author":[{"embeddable":true,"href":"https:\/\/fundadeporte.gob.ve\/carabobo\/wp-json\/wp\/v2\/users\/4"}],"replies":[{"embeddable":true,"href":"https:\/\/fundadeporte.gob.ve\/carabobo\/wp-json\/wp\/v2\/comments?post=7835"}],"version-history":[{"count":4,"href":"https:\/\/fundadeporte.gob.ve\/carabobo\/wp-json\/wp\/v2\/posts\/7835\/revisions"}],"predecessor-version":[{"id":7842,"href":"https:\/\/fundadeporte.gob.ve\/carabobo\/wp-json\/wp\/v2\/posts\/7835\/revisions\/7842"}],"wp:featuredmedia":[{"embeddable":true,"href":"https:\/\/fundadeporte.gob.ve\/carabobo\/wp-json\/wp\/v2\/media\/7837"}],"wp:attachment":[{"href":"https:\/\/fundadeporte.gob.ve\/carabobo\/wp-json\/wp\/v2\/media?parent=7835"}],"wp:term":[{"taxonomy":"category","embeddable":true,"href":"https:\/\/fundadeporte.gob.ve\/carabobo\/wp-json\/wp\/v2\/categories?post=7835"},{"taxonomy":"post_tag","embeddable":true,"href":"https:\/\/fundadeporte.gob.ve\/carabobo\/wp-json\/wp\/v2\/tags?post=7835"}],"curies":[{"name":"wp","href":"https:\/\/api.w.org\/{rel}","templated":true}]}}