{"id":7807,"date":"2026-04-20T12:09:12","date_gmt":"2026-04-20T16:09:12","guid":{"rendered":"https:\/\/fundadeporte.gob.ve\/carabobo\/?p=7807"},"modified":"2026-04-20T12:12:04","modified_gmt":"2026-04-20T16:12:04","slug":"ajedrez-juegos-nacionales-comunales-trujillo-2026","status":"publish","type":"post","link":"https:\/\/fundadeporte.gob.ve\/carabobo\/ajedrez-juegos-nacionales-comunales-trujillo-2026\/","title":{"rendered":"Carabobo defini\u00f3 su preselecci\u00f3n de ajedrez rumbo a los Juegos Nacionales Comunales Trujillo 2026"},"content":{"rendered":"<h4 data-path-to-node=\"6\"><span style=\"color: #003366;\">En una jornada marcada por la concentraci\u00f3n, la estrategia y el esp\u00edritu deportivo, la <b data-path-to-node=\"6\" data-index-in-node=\"109\">Sala de Ajedrez \u00abCristo Milona\u00bb<\/b>, ubicada en las instalaciones del Polideportivo Misael Delgado de Valencia, fue el epicentro del <b data-path-to-node=\"6\" data-index-in-node=\"207\">Gran Chequeo Estadal de Ajedrez<\/b> celebrado el pasado s\u00e1bado 18 de abril, que tuvo como objetivo principal conformar la preselecci\u00f3n que representar\u00e1 al estado Carabobo en los pr\u00f3ximos <b data-path-to-node=\"6\" data-index-in-node=\"398\">Juegos Nacionales Comunales Trujillo 2026<\/b>.<\/span><\/h4>\n<p data-path-to-node=\"7\">La convocatoria, impulsada por <b data-path-to-node=\"7\" data-index-in-node=\"31\">La Fundaci\u00f3n Carabobe\u00f1a para el Desarrollo del Deporte (Fundadeporte)<\/b> como ente rector del deporte en la regi\u00f3n y presidida por el Ing. Leobaldo G\u00f3mez, reuni\u00f3 a j\u00f3venes talentos nacidos entre los a\u00f1os 2014 y 2015. Bajo un sistema de competencia <b data-path-to-node=\"7\" data-index-in-node=\"180\">Suizo a 7 rondas<\/b>, los atletas demostraron su destreza t\u00e9cnica en las categor\u00edas masculino y femenino.<\/p>\n<p data-path-to-node=\"7\">En la rama femenina, la joven <b data-path-to-node=\"8\" data-index-in-node=\"87\">Anastasia Lobo<\/b> se alz\u00f3 con la <b data-path-to-node=\"8\" data-index-in-node=\"117\">Medalla de Oro<\/b> tras un desempe\u00f1o impecable que la acredita como la l\u00edder del grupo. A su lado, el cuadro de honor que conformar\u00e1 la preselecci\u00f3n carabobe\u00f1a se fortalece con la presencia y el talento de <b data-path-to-node=\"8\" data-index-in-node=\"319\">In\u00e9s Crespo<\/b>, <b data-path-to-node=\"8\" data-index-in-node=\"332\">Antonieta Rojano<\/b>, <b data-path-to-node=\"8\" data-index-in-node=\"350\">B\u00e1rbara Rivero<\/b>,<strong> Yanay Gonz\u00e1lez<\/strong>, <b data-path-to-node=\"8\" data-index-in-node=\"366\">Haily Gonz\u00e1lez<\/b> y <b data-path-to-node=\"8\" data-index-in-node=\"383\">Marbella Mirelles<\/b> entre otras clasificadas, quienes demostraron una solidez estrat\u00e9gica admirable en cada apertura y cierre de partida.<\/p>\n<p data-path-to-node=\"7\">Por su parte, la categor\u00eda masculina ofreci\u00f3 un espect\u00e1culo de t\u00e1ctica y resistencia sobre el tablero. El joven <b data-path-to-node=\"9\" data-index-in-node=\"112\">Alessandro Gargano<\/b> se coron\u00f3 campe\u00f3n absoluto del certamen, seguido muy de cerca por <b data-path-to-node=\"9\" data-index-in-node=\"197\">Mathias Rodr\u00edguez<\/b>, quien obtuvo el subcampeonato, y <b data-path-to-node=\"9\" data-index-in-node=\"249\">Samuel Escalona<\/b>, quien se colg\u00f3 la medalla de bronce tras una jornada de gran intensidad. Este s\u00f3lido equipo masculino se completa con la clasificaci\u00f3n de <b data-path-to-node=\"9\" data-index-in-node=\"404\">Diego Ortiz<\/b>, <b data-path-to-node=\"9\" data-index-in-node=\"417\">Thiago Mart\u00ednez<\/b>, <b data-path-to-node=\"9\" data-index-in-node=\"434\">Luis Ramos<\/b>, <b data-path-to-node=\"9\" data-index-in-node=\"446\">Maximiliano Quintero<\/b>, <b data-path-to-node=\"9\" data-index-in-node=\"468\">Adri\u00e1n Mujica<\/b> y <b data-path-to-node=\"9\" data-index-in-node=\"484\">Jerem\u00edas Giraldo<\/b>, quienes ahora asumen el compromiso de defender sus posiciones en la pr\u00f3xima cita regional que se realizar\u00e1 en el Parque Deportivo Andr\u00e9s Eloy Blanco de la Candelaria.<\/p>\n<p data-path-to-node=\"7\">Carabobo se prepara para llevar su mejor versi\u00f3n del \u00abdeporte ciencia\u00bb a las tierras trujillanas, consolidando el semillero deportivo que crece bajo el respaldo de la gesti\u00f3n deportiva regional.<\/p>\n<p data-path-to-node=\"7\">\n<blockquote class=\"wp-embedded-content\" data-secret=\"LdF0V5IGUw\"><p><a href=\"https:\/\/fundadeporte.gob.ve\/carabobo\/estadal-ajedrez-categoria-estudiantil-2026\/\">Se celebra en Valencia el Estadal de Ajedrez categor\u00eda estudiantil<\/a><\/p><\/blockquote>\n<p><iframe loading=\"lazy\" class=\"wp-embedded-content\" sandbox=\"allow-scripts\" security=\"restricted\" style=\"position: absolute; visibility: hidden;\" title=\"\u00abSe celebra en Valencia el Estadal de Ajedrez categor\u00eda estudiantil\u00bb \u2014 Fundadeporte\" src=\"https:\/\/fundadeporte.gob.ve\/carabobo\/estadal-ajedrez-categoria-estudiantil-2026\/embed\/#?secret=FvD7pgYaxU#?secret=LdF0V5IGUw\" data-secret=\"LdF0V5IGUw\" width=\"600\" height=\"338\" frameborder=\"0\" marginwidth=\"0\" marginheight=\"0\" scrolling=\"no\"><\/iframe><\/p>\n","protected":false},"excerpt":{"rendered":"<p>En una jornada marcada por la concentraci\u00f3n, la estrategia y el esp\u00edritu deportivo, la Sala de Ajedrez \u00abCristo Milona\u00bb, ubicada en las instalaciones del Polideportivo Misael Delgado de Valencia, fue el epicentro del Gran Chequeo Estadal de Ajedrez celebrado el pasado s\u00e1bado 18 de abril, que tuvo como objetivo principal conformar la preselecci\u00f3n que representar\u00e1 [&hellip;]<\/p>\n","protected":false},"author":4,"featured_media":7810,"comment_status":"open","ping_status":"closed","sticky":false,"template":"","format":"standard","meta":{"om_disable_all_campaigns":false,"_monsterinsights_skip_tracking":false,"_monsterinsights_sitenote_active":false,"_monsterinsights_sitenote_note":"","_monsterinsights_sitenote_category":0,"footnotes":""},"categories":[20],"tags":[463,452],"class_list":["post-7807","post","type-post","status-publish","format-standard","has-post-thumbnail","hentry","category-ajedrez","tag-chequeo-estadal-de-ajedrez","tag-estadal-de-ajedrez"],"_links":{"self":[{"href":"https:\/\/fundadeporte.gob.ve\/carabobo\/wp-json\/wp\/v2\/posts\/7807","targetHints":{"allow":["GET"]}}],"collection":[{"href":"https:\/\/fundadeporte.gob.ve\/carabobo\/wp-json\/wp\/v2\/posts"}],"about":[{"href":"https:\/\/fundadeporte.gob.ve\/carabobo\/wp-json\/wp\/v2\/types\/post"}],"author":[{"embeddable":true,"href":"https:\/\/fundadeporte.gob.ve\/carabobo\/wp-json\/wp\/v2\/users\/4"}],"replies":[{"embeddable":true,"href":"https:\/\/fundadeporte.gob.ve\/carabobo\/wp-json\/wp\/v2\/comments?post=7807"}],"version-history":[{"count":4,"href":"https:\/\/fundadeporte.gob.ve\/carabobo\/wp-json\/wp\/v2\/posts\/7807\/revisions"}],"predecessor-version":[{"id":7812,"href":"https:\/\/fundadeporte.gob.ve\/carabobo\/wp-json\/wp\/v2\/posts\/7807\/revisions\/7812"}],"wp:featuredmedia":[{"embeddable":true,"href":"https:\/\/fundadeporte.gob.ve\/carabobo\/wp-json\/wp\/v2\/media\/7810"}],"wp:attachment":[{"href":"https:\/\/fundadeporte.gob.ve\/carabobo\/wp-json\/wp\/v2\/media?parent=7807"}],"wp:term":[{"taxonomy":"category","embeddable":true,"href":"https:\/\/fundadeporte.gob.ve\/carabobo\/wp-json\/wp\/v2\/categories?post=7807"},{"taxonomy":"post_tag","embeddable":true,"href":"https:\/\/fundadeporte.gob.ve\/carabobo\/wp-json\/wp\/v2\/tags?post=7807"}],"curies":[{"name":"wp","href":"https:\/\/api.w.org\/{rel}","templated":true}]}}