{"id":7424,"date":"2026-02-10T11:56:02","date_gmt":"2026-02-10T15:56:02","guid":{"rendered":"https:\/\/fundadeporte.gob.ve\/carabobo\/?p=7424"},"modified":"2026-02-10T11:56:02","modified_gmt":"2026-02-10T15:56:02","slug":"campeonato-nacional-judo-cadete-junior-2026","status":"publish","type":"post","link":"https:\/\/fundadeporte.gob.ve\/carabobo\/campeonato-nacional-judo-cadete-junior-2026\/","title":{"rendered":"Judo Carabobe\u00f1o logra 3er lugar en el Campeonato Nacional Cadete Junior 2026"},"content":{"rendered":"<h4>Carabobo logr\u00f3 el tercer lugar en el Campeonato Nacional Cadete Junior realizado en\u00a0las instalaciones del centro especializado de esta disciplina ubicado en el Parque Naciones Unidas de El Para\u00edso, Caracas y asegur\u00f3 12 cupos para los Juegos Nacionales Juveniles.<\/h4>\n<p>La selecci\u00f3n carabobe\u00f1a mantuvo un excelente desempe\u00f1o en el Campeonato Nacional desde su inicio el jueves 5 y que se extendi\u00f3 hasta el d\u00eda domingo con la funci\u00f3n de ser el\u00a0<strong>torneo clasificatorio oficial para los Juegos Nacionales\u00a0dentro de la categor\u00eda Cadete<\/strong>, inform\u00f3 el Ministerio del Poder Popular para el Deporte.<\/p>\n<p>Estas jornadas reunieron a los judokas de las distintas asociaciones estatales, quienes obtuvieron su posicionamiento en el ranking nacional. De esta manera el equipo vinotinto logr\u00f3 clasificar a 12 atletas a los Juegos Nacionales:<strong> Rosalvick Aguilar (-44 kg), Jorge Natera (-81 kg), Javier Orellana (-66 kg), Mar\u00eda Mendoza (-63 kg), Wilson Mart\u00ednez (-60 kg), Fabiana Arteaga (-57 kg), Jes\u00fas D\u00edaz (-90 kg), \u00c1ngel Materan (-55 kg), Daniela Alvarenga (-52 kg), Ember Valero (+90 kg), Victoria Toro (+70 kg) y Joseph Carballo (-73 kg).<\/strong><\/p>\n<p>Adem\u00e1s, <strong>Rosalvick Aguilar y Jorge Natera<\/strong> se ganaron su pase a los Juegos Suramericanos de la Juventud que se celebraran en la ciudad de Panam\u00e1 en el mes de abril.<\/p>\n<p>Los atletas regionales formaron parte a principios de enero en el<strong> Campeonato Estadal de Judo en las categor\u00edas Cadete y Junior<\/strong>, un evento lleno de pasi\u00f3n, esfuerzo y esp\u00edritu deportivo que defini\u00f3 a los representantes de Carabobo. Adem\u00e1s el Judo carabobe\u00f1o tiene en su trayectoria reciente su participaci\u00f3n en los Juegos Deportivos Comunales realizados en T\u00e1chira con 5 medallas de oro, 2 de bronce y dos quintos puestos con la participaci\u00f3n de <strong>Ezequiel Tarazona, \u00c1lvaro Matheus, Grehiskar Alvarenga, Reyder Guerra, Enyer Valero, Mari\u00e1ngel Ojeda y Estrella Montes<\/strong>, reafirmando la importancia de esta disciplina deportiva para el estado Carabobo.<\/p>\n","protected":false},"excerpt":{"rendered":"<p>Carabobo logr\u00f3 el tercer lugar en el Campeonato Nacional Cadete Junior realizado en\u00a0las instalaciones del centro especializado de esta disciplina ubicado en el Parque Naciones Unidas de El Para\u00edso, Caracas y asegur\u00f3 12 cupos para los Juegos Nacionales Juveniles. La selecci\u00f3n carabobe\u00f1a mantuvo un excelente desempe\u00f1o en el Campeonato Nacional desde su inicio el jueves [&hellip;]<\/p>\n","protected":false},"author":4,"featured_media":7426,"comment_status":"open","ping_status":"closed","sticky":false,"template":"","format":"standard","meta":{"om_disable_all_campaigns":false,"_monsterinsights_skip_tracking":false,"footnotes":""},"categories":[25],"tags":[345,122,11],"class_list":["post-7424","post","type-post","status-publish","format-standard","has-post-thumbnail","hentry","category-artes_marciales","tag-campeonato-nacional-cadete-de-judo","tag-judo","tag-juegos-deportivos-nacionales"],"_links":{"self":[{"href":"https:\/\/fundadeporte.gob.ve\/carabobo\/wp-json\/wp\/v2\/posts\/7424","targetHints":{"allow":["GET"]}}],"collection":[{"href":"https:\/\/fundadeporte.gob.ve\/carabobo\/wp-json\/wp\/v2\/posts"}],"about":[{"href":"https:\/\/fundadeporte.gob.ve\/carabobo\/wp-json\/wp\/v2\/types\/post"}],"author":[{"embeddable":true,"href":"https:\/\/fundadeporte.gob.ve\/carabobo\/wp-json\/wp\/v2\/users\/4"}],"replies":[{"embeddable":true,"href":"https:\/\/fundadeporte.gob.ve\/carabobo\/wp-json\/wp\/v2\/comments?post=7424"}],"version-history":[{"count":5,"href":"https:\/\/fundadeporte.gob.ve\/carabobo\/wp-json\/wp\/v2\/posts\/7424\/revisions"}],"predecessor-version":[{"id":7430,"href":"https:\/\/fundadeporte.gob.ve\/carabobo\/wp-json\/wp\/v2\/posts\/7424\/revisions\/7430"}],"wp:featuredmedia":[{"embeddable":true,"href":"https:\/\/fundadeporte.gob.ve\/carabobo\/wp-json\/wp\/v2\/media\/7426"}],"wp:attachment":[{"href":"https:\/\/fundadeporte.gob.ve\/carabobo\/wp-json\/wp\/v2\/media?parent=7424"}],"wp:term":[{"taxonomy":"category","embeddable":true,"href":"https:\/\/fundadeporte.gob.ve\/carabobo\/wp-json\/wp\/v2\/categories?post=7424"},{"taxonomy":"post_tag","embeddable":true,"href":"https:\/\/fundadeporte.gob.ve\/carabobo\/wp-json\/wp\/v2\/tags?post=7424"}],"curies":[{"name":"wp","href":"https:\/\/api.w.org\/{rel}","templated":true}]}}