{"id":7307,"date":"2026-01-06T16:51:39","date_gmt":"2026-01-06T20:51:39","guid":{"rendered":"https:\/\/fundadeporte.gob.ve\/carabobo\/?p=7307"},"modified":"2026-01-06T16:51:39","modified_gmt":"2026-01-06T20:51:39","slug":"misa-del-deporte-2026","status":"publish","type":"post","link":"https:\/\/fundadeporte.gob.ve\/carabobo\/misa-del-deporte-2026\/","title":{"rendered":"Carabobo celebr\u00f3 la 81\u00aa Misa del Deporte con fe, gratitud y compromiso rumbo a las competencias internacionales de 2026"},"content":{"rendered":"<h4><span style=\"color: #800000;\">La Iglesia Nuestra Se\u00f1ora de los Dolores, ubicada en la redoma de Guaparo, fue el escenario donde atletas, entrenadores y autoridades del estado Carabobo se congregaron para participar en la <strong>81\u00aa edici\u00f3n de la Misa del Deporte<\/strong>, una tradici\u00f3n que cada 6 de enero acompa\u00f1a el calendario lit\u00fargico de la Epifan\u00eda del Se\u00f1or. Con profunda devoci\u00f3n, los presentes elevaron plegarias en agradecimiento por los triunfos alcanzados en 2025 y con la mirada puesta en un 2026 lleno de retos y oportunidades.<\/span><\/h4>\n<p>Durante la ceremonia, <strong>Leobaldo G\u00f3mez, Presidente de Fundadeporte<\/strong>, destac\u00f3 el entusiasmo y compromiso de los deportistas carabobe\u00f1os, quienes se mantienen unidos con la firme intenci\u00f3n de dejar en alto el nombre de Venezuela en cada competencia. G\u00f3mez subray\u00f3 que los logros del a\u00f1o pasado son el reflejo del esfuerzo colectivo y que este nuevo ciclo deportivo ser\u00e1 a\u00fan m\u00e1s provechoso para la regi\u00f3n.<\/p>\n<p>Los j\u00f3venes atletas participaron activamente en la liturgia, presentando ofrendas y expresando peticiones con fe y esperanza. Entre sus principales objetivos se encuentran las pr\u00f3ximas citas internacionales: <strong>IV Juegos Suramericanos de la Juventud Panam\u00e1 2026<\/strong> (12 al 25 de abril), <strong>XIII Juegos Suramericanos Santa Fe, Argentina 2026<\/strong> (12 al 26 de septiembre) y los <strong>II Juegos Bolivarianos de la Juventud Caracas 2026<\/strong> (18 al 29 de noviembre).<\/p>\n<p>Adem\u00e1s, algunos atletas como el triatleta <strong>Aaron Hern\u00e1ndez<\/strong> compartieron sus metas personales, enfocadas en lograr la clasificaci\u00f3n a los <strong>Juegos Ol\u00edmpicos de la Juventud Dakar 2026<\/strong>, un desaf\u00edo que representa la c\u00faspide de su preparaci\u00f3n.<\/p>\n<h3 class=\"text-base-strong sm:text-lg-strong pb-1 [&amp;:not(:first-child)]:pt-3.5\">Autoridades presentes en la celebraci\u00f3n<\/h3>\n<p>La misa cont\u00f3 con la presencia de destacadas autoridades regionales, entre ellas el <strong>Secretario General de Gobierno y Secretario de Seguridad Ciudadana, Defensa, Integridad Territorial y Paz, Jes\u00fas Par\u00eds Lara<\/strong>, la <strong>alcaldesa de Valencia, Dina Castillo<\/strong>, y la <strong>alcaldesa de Naguanagua, Elizabeth Ni\u00f1o<\/strong>. Su participaci\u00f3n reafirm\u00f3 el respaldo institucional hacia el deporte carabobe\u00f1o y la importancia de acompa\u00f1ar a los j\u00f3venes en su formaci\u00f3n integral.<\/p>\n<figure id=\"attachment_7309\" aria-describedby=\"caption-attachment-7309\" style=\"width: 1080px\" class=\"wp-caption aligncenter\"><img loading=\"lazy\" decoding=\"async\" class=\"wp-image-7309 size-full\" src=\"https:\/\/fundadeporte.gob.ve\/carabobo\/wp-content\/uploads\/2026\/01\/ofrendas-misa-2026.jpg\" alt=\"\" width=\"1080\" height=\"676\" srcset=\"https:\/\/fundadeporte.gob.ve\/carabobo\/wp-content\/uploads\/2026\/01\/ofrendas-misa-2026.jpg 1080w, https:\/\/fundadeporte.gob.ve\/carabobo\/wp-content\/uploads\/2026\/01\/ofrendas-misa-2026-300x188.jpg 300w, https:\/\/fundadeporte.gob.ve\/carabobo\/wp-content\/uploads\/2026\/01\/ofrendas-misa-2026-1024x641.jpg 1024w, https:\/\/fundadeporte.gob.ve\/carabobo\/wp-content\/uploads\/2026\/01\/ofrendas-misa-2026-768x481.jpg 768w\" sizes=\"auto, (max-width: 1080px) 100vw, 1080px\" \/><figcaption id=\"caption-attachment-7309\" class=\"wp-caption-text\">Los j\u00f3venes deportistas de Carabobo presentaron las ofrendas de la celebraci\u00f3n lit\u00fargica y expresaron las peticiones con fe, para continuar sus entrenamientos y preparaci\u00f3n con la visi\u00f3n de obtener medallas para el pa\u00eds en las pr\u00f3ximas competencias.<\/figcaption><\/figure>\n<h3 class=\"text-base-strong sm:text-lg-strong pb-1 [&amp;:not(:first-child)]:pt-3.5\">Una tradici\u00f3n con m\u00e1s de ocho d\u00e9cadas de historia<\/h3>\n<p>La <strong>Misa del Deporte<\/strong>, instaurada en Venezuela en 1945 en honor a los peloteros Salvador Arg\u00fcelles y Jos\u00e9 P\u00e9rez Colmenares, se ha convertido en un s\u00edmbolo de uni\u00f3n entre la fe y la disciplina deportiva. En Carabobo, esta celebraci\u00f3n ha sido un espacio para reconocer a las glorias deportivas y motivar a las nuevas generaciones que buscan conquistar medallas y dejar huella en la historia del deporte nacional.<\/p>\n<p>La 81\u00aa Misa del Deporte en Carabobo fue un acto de gratitud y <strong>compromiso colectivo hacia un a\u00f1o de grandes desaf\u00edos internacionales<\/strong>. Con la fe como motor y el respaldo institucional como garant\u00eda, los atletas carabobe\u00f1os se preparan para representar al pa\u00eds en escenarios de gran relevancia, reafirmando que el deporte es tambi\u00e9n un camino de esperanza, disciplina y unidad nacional.<\/p>\n<p><iframe loading=\"lazy\" title=\"Misa del Deporte Carabobo 2026\" width=\"640\" height=\"360\" src=\"https:\/\/www.youtube.com\/embed\/aVe-Lk1iuDc?feature=oembed\" frameborder=\"0\" allow=\"accelerometer; autoplay; clipboard-write; encrypted-media; gyroscope; picture-in-picture; web-share\" referrerpolicy=\"strict-origin-when-cross-origin\" allowfullscreen><\/iframe><\/p>\n","protected":false},"excerpt":{"rendered":"<p>La Iglesia Nuestra Se\u00f1ora de los Dolores, ubicada en la redoma de Guaparo, fue el escenario donde atletas, entrenadores y autoridades del estado Carabobo se congregaron para participar en la 81\u00aa edici\u00f3n de la Misa del Deporte, una tradici\u00f3n que cada 6 de enero acompa\u00f1a el calendario lit\u00fargico de la Epifan\u00eda del Se\u00f1or. Con profunda [&hellip;]<\/p>\n","protected":false},"author":4,"featured_media":7308,"comment_status":"open","ping_status":"closed","sticky":false,"template":"","format":"standard","meta":{"om_disable_all_campaigns":false,"_monsterinsights_skip_tracking":false,"_monsterinsights_sitenote_active":false,"_monsterinsights_sitenote_note":"","_monsterinsights_sitenote_category":0,"footnotes":""},"categories":[10],"tags":[172],"class_list":["post-7307","post","type-post","status-publish","format-standard","has-post-thumbnail","hentry","category-actualidad","tag-misa-del-deporte"],"_links":{"self":[{"href":"https:\/\/fundadeporte.gob.ve\/carabobo\/wp-json\/wp\/v2\/posts\/7307","targetHints":{"allow":["GET"]}}],"collection":[{"href":"https:\/\/fundadeporte.gob.ve\/carabobo\/wp-json\/wp\/v2\/posts"}],"about":[{"href":"https:\/\/fundadeporte.gob.ve\/carabobo\/wp-json\/wp\/v2\/types\/post"}],"author":[{"embeddable":true,"href":"https:\/\/fundadeporte.gob.ve\/carabobo\/wp-json\/wp\/v2\/users\/4"}],"replies":[{"embeddable":true,"href":"https:\/\/fundadeporte.gob.ve\/carabobo\/wp-json\/wp\/v2\/comments?post=7307"}],"version-history":[{"count":2,"href":"https:\/\/fundadeporte.gob.ve\/carabobo\/wp-json\/wp\/v2\/posts\/7307\/revisions"}],"predecessor-version":[{"id":7311,"href":"https:\/\/fundadeporte.gob.ve\/carabobo\/wp-json\/wp\/v2\/posts\/7307\/revisions\/7311"}],"wp:featuredmedia":[{"embeddable":true,"href":"https:\/\/fundadeporte.gob.ve\/carabobo\/wp-json\/wp\/v2\/media\/7308"}],"wp:attachment":[{"href":"https:\/\/fundadeporte.gob.ve\/carabobo\/wp-json\/wp\/v2\/media?parent=7307"}],"wp:term":[{"taxonomy":"category","embeddable":true,"href":"https:\/\/fundadeporte.gob.ve\/carabobo\/wp-json\/wp\/v2\/categories?post=7307"},{"taxonomy":"post_tag","embeddable":true,"href":"https:\/\/fundadeporte.gob.ve\/carabobo\/wp-json\/wp\/v2\/tags?post=7307"}],"curies":[{"name":"wp","href":"https:\/\/api.w.org\/{rel}","templated":true}]}}