{"id":7012,"date":"2025-02-27T10:26:38","date_gmt":"2025-02-27T14:26:38","guid":{"rendered":"https:\/\/fundadeporte.gob.ve\/carabobo\/?p=7012"},"modified":"2025-02-27T10:26:38","modified_gmt":"2025-02-27T14:26:38","slug":"campeonato-nacional-lucha-libre-y-de-playa-2025","status":"publish","type":"post","link":"https:\/\/fundadeporte.gob.ve\/carabobo\/campeonato-nacional-lucha-libre-y-de-playa-2025\/","title":{"rendered":"Carabobo se titul\u00f3 Campe\u00f3n Nacional en Lucha Libre y de Playa 2025"},"content":{"rendered":"<h4><span style=\"color: #800000;\">La selecci\u00f3n de lucha del estado Carabobo lider\u00f3 la competencia realizada en el Gimnasio Vertical de Lucha del Ministerio del Deporte en Caracas.<\/span><\/h4>\n<p>Los carabobe\u00f1os <strong>Mayra Parra y Luis Ruiz<\/strong> consiguieron el oro, mientras que <strong>Jeanmary Arrioja, Nathaly Griman, Neirilys Banguero y Jos\u00e9 D\u00edaz<\/strong> se colgaron la de plata para llevarse el oro por equipo.<\/p>\n<p>De esta manera la delegaci\u00f3n de Carabobo se ba\u00f1\u00f3 de oro nuevamente en el tapiz al conseguir cinco preseas doradas y dos plateadas para titularse como campe\u00f3n absoluto de la competencia a nivel nacional que se llev\u00f3 a cabo en la capital y acumulando un total de\u00a093 puntos.<\/p>\n<p><img loading=\"lazy\" decoding=\"async\" class=\"aligncenter size-full wp-image-7015\" src=\"https:\/\/fundadeporte.gob.ve\/carabobo\/wp-content\/uploads\/2025\/02\/Carabobo-lucha-de-playa-y-libre-e1740666293422.webp\" alt=\"lucha carabobo\" width=\"1080\" height=\"743\" srcset=\"https:\/\/fundadeporte.gob.ve\/carabobo\/wp-content\/uploads\/2025\/02\/Carabobo-lucha-de-playa-y-libre-e1740666293422.webp 1080w, https:\/\/fundadeporte.gob.ve\/carabobo\/wp-content\/uploads\/2025\/02\/Carabobo-lucha-de-playa-y-libre-e1740666293422-300x206.webp 300w, https:\/\/fundadeporte.gob.ve\/carabobo\/wp-content\/uploads\/2025\/02\/Carabobo-lucha-de-playa-y-libre-e1740666293422-1024x704.webp 1024w, https:\/\/fundadeporte.gob.ve\/carabobo\/wp-content\/uploads\/2025\/02\/Carabobo-lucha-de-playa-y-libre-e1740666293422-768x528.webp 768w\" sizes=\"auto, (max-width: 1080px) 100vw, 1080px\" \/><\/p>\n<p><strong>Cristian Sarcos<\/strong> se colg\u00f3 la primera de oro en el estilo libre categor\u00eda 97 kilogramos, <strong>Jos\u00e9 D\u00edaz,<\/strong> hizo lo propio en la divisi\u00f3n de los 125 kg y<strong> Jos\u00e9 Osorio<\/strong> subi\u00f3 al segundo pelda\u00f1o del podio en los 74kg.<\/p>\n<p>Por el equipo femenino, <strong>Mayra Parra<\/strong> domin\u00f3 en la categor\u00eda 57 kg, <strong>Nathaly Griman<\/strong> en los 68kg y <strong>Neirily Banguero<\/strong> en los 76 kilogramos. Igualmente se destacan las actuaciones de <strong>Mar\u00eda Regina Aguero y\u00a0 Jeanmary Arrioja<\/strong> quienes consiguieron el quinto lugar en las divisiones de 50 y 53 kilos.<\/p>\n<p>El gran encuentro de Lucha se llev\u00f3 a cabo el jueves 20 de febrero, con el\u00a0objetivo de seleccionar a la delegaci\u00f3n que representar\u00e1 a Venezuela en el Campeonato Panamericano Senior 2025 de Lucha que se realizar\u00e1 en Monterrey, M\u00e9xico, del 8 al 11 de mayo de 2025.<\/p>\n","protected":false},"excerpt":{"rendered":"<p>La selecci\u00f3n de lucha del estado Carabobo lider\u00f3 la competencia realizada en el Gimnasio Vertical de Lucha del Ministerio del Deporte en Caracas. Los carabobe\u00f1os Mayra Parra y Luis Ruiz consiguieron el oro, mientras que Jeanmary Arrioja, Nathaly Griman, Neirilys Banguero y Jos\u00e9 D\u00edaz se colgaron la de plata para llevarse el oro por equipo. [&hellip;]<\/p>\n","protected":false},"author":4,"featured_media":7014,"comment_status":"open","ping_status":"closed","sticky":false,"template":"","format":"standard","meta":{"om_disable_all_campaigns":false,"_monsterinsights_skip_tracking":false,"footnotes":""},"categories":[66],"tags":[203,114,427,60,428,59],"class_list":["post-7012","post","type-post","status-publish","format-standard","has-post-thumbnail","hentry","category-deportes","tag-campeonato-nacional-de-lucha-de-playa","tag-campeonato-nacional-de-lucha-olimpica","tag-cristian-sarcos","tag-jose-diaz-roberti","tag-jose-osorio","tag-nathaly-griman"],"_links":{"self":[{"href":"https:\/\/fundadeporte.gob.ve\/carabobo\/wp-json\/wp\/v2\/posts\/7012","targetHints":{"allow":["GET"]}}],"collection":[{"href":"https:\/\/fundadeporte.gob.ve\/carabobo\/wp-json\/wp\/v2\/posts"}],"about":[{"href":"https:\/\/fundadeporte.gob.ve\/carabobo\/wp-json\/wp\/v2\/types\/post"}],"author":[{"embeddable":true,"href":"https:\/\/fundadeporte.gob.ve\/carabobo\/wp-json\/wp\/v2\/users\/4"}],"replies":[{"embeddable":true,"href":"https:\/\/fundadeporte.gob.ve\/carabobo\/wp-json\/wp\/v2\/comments?post=7012"}],"version-history":[{"count":2,"href":"https:\/\/fundadeporte.gob.ve\/carabobo\/wp-json\/wp\/v2\/posts\/7012\/revisions"}],"predecessor-version":[{"id":7016,"href":"https:\/\/fundadeporte.gob.ve\/carabobo\/wp-json\/wp\/v2\/posts\/7012\/revisions\/7016"}],"wp:featuredmedia":[{"embeddable":true,"href":"https:\/\/fundadeporte.gob.ve\/carabobo\/wp-json\/wp\/v2\/media\/7014"}],"wp:attachment":[{"href":"https:\/\/fundadeporte.gob.ve\/carabobo\/wp-json\/wp\/v2\/media?parent=7012"}],"wp:term":[{"taxonomy":"category","embeddable":true,"href":"https:\/\/fundadeporte.gob.ve\/carabobo\/wp-json\/wp\/v2\/categories?post=7012"},{"taxonomy":"post_tag","embeddable":true,"href":"https:\/\/fundadeporte.gob.ve\/carabobo\/wp-json\/wp\/v2\/tags?post=7012"}],"curies":[{"name":"wp","href":"https:\/\/api.w.org\/{rel}","templated":true}]}}