{"id":6242,"date":"2024-09-22T10:21:15","date_gmt":"2024-09-22T14:21:15","guid":{"rendered":"https:\/\/fundadeporte.gob.ve\/carabobo\/?p=6242"},"modified":"2024-09-22T10:21:15","modified_gmt":"2024-09-22T14:21:15","slug":"carabobo-continua-plan-de-masificacion-deportiva-en-el-parque-andres-eloy-blanco","status":"publish","type":"post","link":"https:\/\/fundadeporte.gob.ve\/carabobo\/carabobo-continua-plan-de-masificacion-deportiva-en-el-parque-andres-eloy-blanco\/","title":{"rendered":"Carabobo contin\u00faa plan de masificaci\u00f3n deportiva en el Parque Andr\u00e9s Eloy Blanco"},"content":{"rendered":"<h4><span style=\"color: #000080;\">El estado de Carabobo est\u00e1 viviendo un renacimiento deportivo, particularmente en el arte marcial del taekwondo. El reciente evento realizado el s\u00e1bado 21 de septiembre es un testimonio de la dedicaci\u00f3n y el esfuerzo por masificar este deporte. Con la presencia de 365 atletas, acompa\u00f1ados por sus familias y entrenadores, el Parque Andr\u00e9s Eloy Blanco se convirti\u00f3 en un escenario de pasi\u00f3n y disciplina.<\/span><\/h4>\n<p>La Fundaci\u00f3n Carabobe\u00f1a para el Desarrollo del Deporte (Fundadeporte) ha estado al frente de esta iniciativa, promoviendo el taekwondo como una herramienta de desarrollo personal y comunitario. La direcci\u00f3n de Masificaci\u00f3n ha jugado un papel crucial, asegurando que el deporte sea accesible para todos, independientemente de su origen o estatus socioecon\u00f3mico.<\/p>\n<p>La restauraci\u00f3n del Parque Andr\u00e9s Eloy Blanco ha sido un s\u00edmbolo de este compromiso con el deporte y la comunidad. Representantes y participantes expresaron su gratitud por el trabajo realizado, destacando no solo la belleza renovada del parque, sino tambi\u00e9n el impacto positivo que estas instalaciones tienen en la juventud y en el tejido social de la regi\u00f3n.<\/p>\n<p><img loading=\"lazy\" decoding=\"async\" class=\"aligncenter size-full wp-image-6244\" src=\"https:\/\/fundadeporte.gob.ve\/carabobo\/wp-content\/uploads\/2024\/09\/Carabobo-continua-plan-de-masificacion.jpg\" alt=\"deporte carabobo\" width=\"1017\" height=\"762\" srcset=\"https:\/\/fundadeporte.gob.ve\/carabobo\/wp-content\/uploads\/2024\/09\/Carabobo-continua-plan-de-masificacion.jpg 1017w, https:\/\/fundadeporte.gob.ve\/carabobo\/wp-content\/uploads\/2024\/09\/Carabobo-continua-plan-de-masificacion-300x225.jpg 300w, https:\/\/fundadeporte.gob.ve\/carabobo\/wp-content\/uploads\/2024\/09\/Carabobo-continua-plan-de-masificacion-768x575.jpg 768w, https:\/\/fundadeporte.gob.ve\/carabobo\/wp-content\/uploads\/2024\/09\/Carabobo-continua-plan-de-masificacion-136x102.jpg 136w\" sizes=\"auto, (max-width: 1017px) 100vw, 1017px\" \/><\/p>\n<p>El apoyo gubernamental, liderado por el Gobernador Rafael Lacava y el Presidente Nicol\u00e1s Maduro, ha sido fundamental. Sus pol\u00edticas deportivas han facilitado la realizaci\u00f3n de eventos como este tope de taekwondo, y han reforzado la importancia del deporte como pilar de la cultura y el bienestar en Carabobo.<\/p>\n<p>Este evento es solo un ejemplo de c\u00f3mo el deporte puede servir como un catalizador para el cambio social y el desarrollo. A medida que m\u00e1s j\u00f3venes se involucran en actividades como el taekwondo, no solo mejoran su salud y habilidades f\u00edsicas, sino que tambi\u00e9n aprenden valores como el respeto, la perseverancia y la disciplina. Estos son los valores que pueden ayudar a construir una sociedad m\u00e1s fuerte y unida.<\/p>\n<p>El futuro del taekwondo en Carabobo parece prometedor, y con el continuo apoyo de Fundadeporte y el gobierno, el estado est\u00e1 en camino de convertirse en un referente nacional e internacional en el deporte. El Parque Andr\u00e9s Eloy Blanco, con su historia y su reciente transformaci\u00f3n, simboliza la esperanza y el potencial que el deporte tiene para enriquecer vidas y comunidades.<\/p>\n<blockquote class=\"wp-embedded-content\" data-secret=\"nYhlmEoZBq\"><p><a href=\"https:\/\/fundadeporte.gob.ve\/carabobo\/parque-andres-eloy-blanco\/\">El Parque Andr\u00e9s Eloy Blanco, El Renacimiento Deportivo en Valencia<\/a><\/p><\/blockquote>\n<p><iframe loading=\"lazy\" class=\"wp-embedded-content\" sandbox=\"allow-scripts\" security=\"restricted\" style=\"position: absolute; visibility: hidden;\" title=\"\u00abEl Parque Andr\u00e9s Eloy Blanco, El Renacimiento Deportivo en Valencia\u00bb \u2014 Fundadeporte\" src=\"https:\/\/fundadeporte.gob.ve\/carabobo\/parque-andres-eloy-blanco\/embed\/#?secret=PtwlBtr8SS#?secret=nYhlmEoZBq\" data-secret=\"nYhlmEoZBq\" width=\"600\" height=\"338\" frameborder=\"0\" marginwidth=\"0\" marginheight=\"0\" scrolling=\"no\"><\/iframe><\/p>\n<p>&nbsp;<\/p>\n","protected":false},"excerpt":{"rendered":"<p>El estado de Carabobo est\u00e1 viviendo un renacimiento deportivo, particularmente en el arte marcial del taekwondo. El reciente evento realizado el s\u00e1bado 21 de septiembre es un testimonio de la dedicaci\u00f3n y el esfuerzo por masificar este deporte. Con la presencia de 365 atletas, acompa\u00f1ados por sus familias y entrenadores, el Parque Andr\u00e9s Eloy Blanco [&hellip;]<\/p>\n","protected":false},"author":4,"featured_media":6245,"comment_status":"open","ping_status":"closed","sticky":false,"template":"","format":"standard","meta":{"om_disable_all_campaigns":false,"_monsterinsights_skip_tracking":false,"_monsterinsights_sitenote_active":false,"_monsterinsights_sitenote_note":"","_monsterinsights_sitenote_category":0,"footnotes":""},"categories":[10],"tags":[381,318],"class_list":["post-6242","post","type-post","status-publish","format-standard","has-post-thumbnail","hentry","category-actualidad","tag-parque-deportivo-andres-eloy-blanco","tag-taekwondo"],"_links":{"self":[{"href":"https:\/\/fundadeporte.gob.ve\/carabobo\/wp-json\/wp\/v2\/posts\/6242","targetHints":{"allow":["GET"]}}],"collection":[{"href":"https:\/\/fundadeporte.gob.ve\/carabobo\/wp-json\/wp\/v2\/posts"}],"about":[{"href":"https:\/\/fundadeporte.gob.ve\/carabobo\/wp-json\/wp\/v2\/types\/post"}],"author":[{"embeddable":true,"href":"https:\/\/fundadeporte.gob.ve\/carabobo\/wp-json\/wp\/v2\/users\/4"}],"replies":[{"embeddable":true,"href":"https:\/\/fundadeporte.gob.ve\/carabobo\/wp-json\/wp\/v2\/comments?post=6242"}],"version-history":[{"count":2,"href":"https:\/\/fundadeporte.gob.ve\/carabobo\/wp-json\/wp\/v2\/posts\/6242\/revisions"}],"predecessor-version":[{"id":6246,"href":"https:\/\/fundadeporte.gob.ve\/carabobo\/wp-json\/wp\/v2\/posts\/6242\/revisions\/6246"}],"wp:featuredmedia":[{"embeddable":true,"href":"https:\/\/fundadeporte.gob.ve\/carabobo\/wp-json\/wp\/v2\/media\/6245"}],"wp:attachment":[{"href":"https:\/\/fundadeporte.gob.ve\/carabobo\/wp-json\/wp\/v2\/media?parent=6242"}],"wp:term":[{"taxonomy":"category","embeddable":true,"href":"https:\/\/fundadeporte.gob.ve\/carabobo\/wp-json\/wp\/v2\/categories?post=6242"},{"taxonomy":"post_tag","embeddable":true,"href":"https:\/\/fundadeporte.gob.ve\/carabobo\/wp-json\/wp\/v2\/tags?post=6242"}],"curies":[{"name":"wp","href":"https:\/\/api.w.org\/{rel}","templated":true}]}}