{"id":6062,"date":"2024-08-20T11:05:01","date_gmt":"2024-08-20T15:05:01","guid":{"rendered":"https:\/\/fundadeporte.gob.ve\/carabobo\/?p=6062"},"modified":"2024-08-20T11:14:13","modified_gmt":"2024-08-20T15:14:13","slug":"estadal-tenis-pelota-de-colores-atec-2024","status":"publish","type":"post","link":"https:\/\/fundadeporte.gob.ve\/carabobo\/estadal-tenis-pelota-de-colores-atec-2024\/","title":{"rendered":"Conoce a los Ganadores del III Estadal de Tenis Pelota de Colores ATEC 2024"},"content":{"rendered":"<h4><span style=\"color: #000080;\">El Tercer Estadal de Tenis Pelota de Colores para j\u00f3venes de 12 a 18 a\u00f1os se llev\u00f3 a cabo con \u00e9xito en las instalaciones de la Asociaci\u00f3n de Tenis del Estado Carabobo (ATEC), entre el 15 y el 18 de agosto.<\/span><\/h4>\n<p>Este evento deportivo cont\u00f3 con la participaci\u00f3n entusiasta de atletas juveniles, tanto locales como invitados de otros estados, marcando un hito en la promoci\u00f3n del tenis en la regi\u00f3n. La competencia fue una excelente oportunidad para que los j\u00f3venes talentos demostraran sus habilidades y compartieran su pasi\u00f3n por el tenis, fomentando as\u00ed el esp\u00edritu deportivo y la camarader\u00eda entre los participantes.<\/p>\n<p>La ATEC, con su compromiso de apoyar el desarrollo del tenis, proporcion\u00f3 una plataforma ideal para que estos atletas emergentes pudieran competir y aprender en un ambiente sano y competitivo.<\/p>\n<p><strong>Categor\u00eda Femenina 14 a\u00f1os &#8211; Cuadro Principal<\/strong><br \/>\nCampeona: C\u00e1ndida Granadillo<br \/>\nFinalista: Sara Ram\u00edrez<\/p>\n<p><strong>Categor\u00eda Femenina 14 a\u00f1os &#8211; Cuadro B<\/strong><br \/>\nCampeona: Valeria Acosta<br \/>\nFinalista: Carlota Ram\u00edrez<\/p>\n<p><strong>Dobles Femenino 14 a\u00f1os<\/strong><br \/>\nCampeonas: Andrea Guill\u00e9n \/ C\u00e1ndida Granadillo<br \/>\nFinalistas: Isis S\u00e1nchez \/ Mar\u00eda Fern\u00e1ndez<\/p>\n<p><img loading=\"lazy\" decoding=\"async\" class=\"aligncenter size-full wp-image-6069\" src=\"https:\/\/fundadeporte.gob.ve\/carabobo\/wp-content\/uploads\/2024\/08\/tenis-mas2-2024.jpg\" alt=\"tenis infantil\" width=\"1080\" height=\"360\" srcset=\"https:\/\/fundadeporte.gob.ve\/carabobo\/wp-content\/uploads\/2024\/08\/tenis-mas2-2024.jpg 1080w, https:\/\/fundadeporte.gob.ve\/carabobo\/wp-content\/uploads\/2024\/08\/tenis-mas2-2024-300x100.jpg 300w, https:\/\/fundadeporte.gob.ve\/carabobo\/wp-content\/uploads\/2024\/08\/tenis-mas2-2024-1024x341.jpg 1024w, https:\/\/fundadeporte.gob.ve\/carabobo\/wp-content\/uploads\/2024\/08\/tenis-mas2-2024-768x256.jpg 768w\" sizes=\"auto, (max-width: 1080px) 100vw, 1080px\" \/><\/p>\n<p><strong>Categor\u00eda Masculina 14 a\u00f1os, Cuadro Principal:<\/strong><br \/>\nCampe\u00f3n: Benjamin Rojas<br \/>\nFinalista: Carlos Colmenares<\/p>\n<p><strong>Categor\u00eda Masculina 14 a\u00f1os, Cuadro B:<\/strong><br \/>\nCampe\u00f3n: Eduardo Celis<br \/>\nFinalista: Jos\u00e9 Tovar<\/p>\n<p><strong>Dobles Masculinos 14 a\u00f1os:<\/strong><br \/>\nCampeones: Benjamin Rojas\/Fernando Guill\u00e9n<br \/>\nFinalistas: Humberto Dom\u00ednguez\/Jos\u00e9 Lorenzo<\/p>\n<p><strong>Categor\u00eda Masculina de 18 a\u00f1os:<\/strong><br \/>\nCampe\u00f3n: Leonardo G\u00f3mez<br \/>\nFinalista individual: Santiago Stipanov<br \/>\nCampeones de dobles: Leonardo G\u00f3mez\/Santiago Stipanov<br \/>\nFinalistas de dobles: Mikel Roncal\/Jos\u00e9 Malpica<\/p>\n<p><img loading=\"lazy\" decoding=\"async\" class=\"aligncenter size-full wp-image-6071\" src=\"https:\/\/fundadeporte.gob.ve\/carabobo\/wp-content\/uploads\/2024\/08\/tenis-femenino-2024.jpg\" alt=\"tenis pelota de colores\" width=\"1080\" height=\"360\" srcset=\"https:\/\/fundadeporte.gob.ve\/carabobo\/wp-content\/uploads\/2024\/08\/tenis-femenino-2024.jpg 1080w, https:\/\/fundadeporte.gob.ve\/carabobo\/wp-content\/uploads\/2024\/08\/tenis-femenino-2024-300x100.jpg 300w, https:\/\/fundadeporte.gob.ve\/carabobo\/wp-content\/uploads\/2024\/08\/tenis-femenino-2024-1024x341.jpg 1024w, https:\/\/fundadeporte.gob.ve\/carabobo\/wp-content\/uploads\/2024\/08\/tenis-femenino-2024-768x256.jpg 768w\" sizes=\"auto, (max-width: 1080px) 100vw, 1080px\" \/><\/p>\n<div>\n<p><strong>Pelota Verde Femenino &#8211; Cuadro Principal<\/strong><br \/>\nCampeona: Jimena Gonzales<br \/>\nFinalista: Deanxys Carballo<\/p>\n<p><strong>Pelota Verde Femenino &#8211; Cuadro B<\/strong><br \/>\nCampeona: Anastacia Guadarrama<br \/>\nFinalista: Isabella Mesa<\/p>\n<p><strong>Dobles Femenino Pelota Verde<\/strong><br \/>\nCampeonas: Jimena Gonzales\/Carmela Ram\u00edrez<br \/>\nFinalistas: Anastacia Guadarrama\/Deanxys Carballo<\/p>\n<p><strong>Pelota Naranja Femenino<\/strong><br \/>\nCampeona: Aranza Colmenares<br \/>\nFinalista:\u00a0Camila Guillen<\/p>\n<p><img loading=\"lazy\" decoding=\"async\" class=\"aligncenter size-full wp-image-6065\" src=\"https:\/\/fundadeporte.gob.ve\/carabobo\/wp-content\/uploads\/2024\/08\/tenis-mas3-2024.jpg\" alt=\"tenis pelota de colores\" width=\"1080\" height=\"360\" srcset=\"https:\/\/fundadeporte.gob.ve\/carabobo\/wp-content\/uploads\/2024\/08\/tenis-mas3-2024.jpg 1080w, https:\/\/fundadeporte.gob.ve\/carabobo\/wp-content\/uploads\/2024\/08\/tenis-mas3-2024-300x100.jpg 300w, https:\/\/fundadeporte.gob.ve\/carabobo\/wp-content\/uploads\/2024\/08\/tenis-mas3-2024-1024x341.jpg 1024w, https:\/\/fundadeporte.gob.ve\/carabobo\/wp-content\/uploads\/2024\/08\/tenis-mas3-2024-768x256.jpg 768w\" sizes=\"auto, (max-width: 1080px) 100vw, 1080px\" \/><\/p>\n<p><strong>Categor\u00eda Masculina Pelota Verde:<\/strong><br \/>\nCampe\u00f3n: Octavio Salazar<br \/>\nFinalista: Asiel Paredes<\/p>\n<p><strong>Dobles Masculinos Pelota Verde:<\/strong><br \/>\nCampeones: Jes\u00fas Fern\u00e1ndez\/Gerardo Berti<br \/>\nFinalistas: Asiel Paredes\/Mat\u00edas Garc\u00e9s<\/p>\n<blockquote class=\"wp-embedded-content\" data-secret=\"pqbrz2ZUfF\"><p><a href=\"https:\/\/fundadeporte.gob.ve\/carabobo\/nacional-de-pelota-de-colores\/\">J\u00f3venes tenistas brillaron en el II Nacional de Pelota de Colores<\/a><\/p><\/blockquote>\n<p><iframe loading=\"lazy\" class=\"wp-embedded-content\" sandbox=\"allow-scripts\" security=\"restricted\" style=\"position: absolute; visibility: hidden;\" title=\"\u00abJ\u00f3venes tenistas brillaron en el II Nacional de Pelota de Colores\u00bb \u2014 Fundadeporte\" src=\"https:\/\/fundadeporte.gob.ve\/carabobo\/nacional-de-pelota-de-colores\/embed\/#?secret=Px6WJqOOht#?secret=pqbrz2ZUfF\" data-secret=\"pqbrz2ZUfF\" width=\"600\" height=\"338\" frameborder=\"0\" marginwidth=\"0\" marginheight=\"0\" scrolling=\"no\"><\/iframe><\/p>\n<\/div>\n","protected":false},"excerpt":{"rendered":"<p>El Tercer Estadal de Tenis Pelota de Colores para j\u00f3venes de 12 a 18 a\u00f1os se llev\u00f3 a cabo con \u00e9xito en las instalaciones de la Asociaci\u00f3n de Tenis del Estado Carabobo (ATEC), entre el 15 y el 18 de agosto. Este evento deportivo cont\u00f3 con la participaci\u00f3n entusiasta de atletas juveniles, tanto locales como [&hellip;]<\/p>\n","protected":false},"author":4,"featured_media":6066,"comment_status":"open","ping_status":"closed","sticky":false,"template":"","format":"standard","meta":{"om_disable_all_campaigns":false,"_monsterinsights_skip_tracking":false,"_monsterinsights_sitenote_active":false,"_monsterinsights_sitenote_note":"","_monsterinsights_sitenote_category":0,"footnotes":""},"categories":[14],"tags":[382,12],"class_list":["post-6062","post","type-post","status-publish","format-standard","has-post-thumbnail","hentry","category-tenis","tag-estadal-de-tenis-pelota-de-colores","tag-tenis"],"_links":{"self":[{"href":"https:\/\/fundadeporte.gob.ve\/carabobo\/wp-json\/wp\/v2\/posts\/6062","targetHints":{"allow":["GET"]}}],"collection":[{"href":"https:\/\/fundadeporte.gob.ve\/carabobo\/wp-json\/wp\/v2\/posts"}],"about":[{"href":"https:\/\/fundadeporte.gob.ve\/carabobo\/wp-json\/wp\/v2\/types\/post"}],"author":[{"embeddable":true,"href":"https:\/\/fundadeporte.gob.ve\/carabobo\/wp-json\/wp\/v2\/users\/4"}],"replies":[{"embeddable":true,"href":"https:\/\/fundadeporte.gob.ve\/carabobo\/wp-json\/wp\/v2\/comments?post=6062"}],"version-history":[{"count":7,"href":"https:\/\/fundadeporte.gob.ve\/carabobo\/wp-json\/wp\/v2\/posts\/6062\/revisions"}],"predecessor-version":[{"id":6073,"href":"https:\/\/fundadeporte.gob.ve\/carabobo\/wp-json\/wp\/v2\/posts\/6062\/revisions\/6073"}],"wp:featuredmedia":[{"embeddable":true,"href":"https:\/\/fundadeporte.gob.ve\/carabobo\/wp-json\/wp\/v2\/media\/6066"}],"wp:attachment":[{"href":"https:\/\/fundadeporte.gob.ve\/carabobo\/wp-json\/wp\/v2\/media?parent=6062"}],"wp:term":[{"taxonomy":"category","embeddable":true,"href":"https:\/\/fundadeporte.gob.ve\/carabobo\/wp-json\/wp\/v2\/categories?post=6062"},{"taxonomy":"post_tag","embeddable":true,"href":"https:\/\/fundadeporte.gob.ve\/carabobo\/wp-json\/wp\/v2\/tags?post=6062"}],"curies":[{"name":"wp","href":"https:\/\/api.w.org\/{rel}","templated":true}]}}