{"id":6022,"date":"2024-08-14T09:43:35","date_gmt":"2024-08-14T13:43:35","guid":{"rendered":"https:\/\/fundadeporte.gob.ve\/carabobo\/?p=6022"},"modified":"2024-08-14T09:44:36","modified_gmt":"2024-08-14T13:44:36","slug":"torneo-cosat-g3-2024","status":"publish","type":"post","link":"https:\/\/fundadeporte.gob.ve\/carabobo\/torneo-cosat-g3-2024\/","title":{"rendered":"Fundadeporte invita al Torneo COSAT G3 de Tenis Puerto Cabello 2024"},"content":{"rendered":"<h4><span style=\"color: #000080;\">La competencia deportiva Torneo de Grado 3 promete ser un evento emocionante y competitivo para los j\u00f3venes talentos del tenis en Sudam\u00e9rica. Este torneo, que se llevar\u00e1 a cabo del 7 al 14 de septiembre en el Centro Nacional de Tenis Puerto Cabello, representa una oportunidad \u00fanica para los tenistas juveniles de las categor\u00edas de 14 y 16 a\u00f1os de sumar puntos valiosos en el ranking sudamericano.<\/span><\/h4>\n<p>Fundadeporte, la organizaci\u00f3n deportiva que invita a este prestigioso evento, ha confirmado que el torneo ser\u00e1 la segunda parada de la gira sudamericana en Venezuela. Esto subraya la importancia del torneo en el calendario deportivo del pa\u00eds y en la regi\u00f3n. Los participantes tendr\u00e1n la oportunidad de demostrar su habilidad y pasi\u00f3n por el tenis en un escenario que promueve el desarrollo deportivo y la competencia sana.<\/p>\n<p>Adem\u00e1s, se ha anunciado que habr\u00e1 traslados disponibles desde Valencia a Puerto Cabello, as\u00ed como paquetes de hospedaje en oferta por el Sunflower Hotel, lo que facilitar\u00e1 la log\u00edstica para los competidores y sus familias. Esta es una excelente noticia para aquellos que buscan comodidad y accesibilidad durante el torneo.<\/p>\n<p>El Torneo COSAT G3 es m\u00e1s que una competencia; es una celebraci\u00f3n del esp\u00edritu deportivo y una plataforma para que las futuras estrellas del tenis muestren su talento. Con el apoyo de Fundadeporte y la comunidad local, el evento est\u00e1 destinado a ser un hito en la carrera de muchos j\u00f3venes atletas.<\/p>\n<p>El gran encuentro deportivo cuante con el apoyo de instituciones prestigiosas como la Gobernaci\u00f3n de Carabobo, la Academia de Tenis de Puerto Cabello, la Alcald\u00eda de Puerto Cabello, la Federaci\u00f3n Venezolana de Tenis, la Asociaci\u00f3n de Tenis del estado Carabobo y la Fundaci\u00f3n para el Desarrollo del Deporte en Carabobo Fundadeporte, presidida por Jhonny Del Corral, garantizando un evento de alta calidad.<\/p>\n","protected":false},"excerpt":{"rendered":"<p>La competencia deportiva Torneo de Grado 3 promete ser un evento emocionante y competitivo para los j\u00f3venes talentos del tenis en Sudam\u00e9rica. Este torneo, que se llevar\u00e1 a cabo del 7 al 14 de septiembre en el Centro Nacional de Tenis Puerto Cabello, representa una oportunidad \u00fanica para los tenistas juveniles de las categor\u00edas de [&hellip;]<\/p>\n","protected":false},"author":4,"featured_media":6024,"comment_status":"open","ping_status":"closed","sticky":false,"template":"","format":"standard","meta":{"om_disable_all_campaigns":false,"_monsterinsights_skip_tracking":false,"_monsterinsights_sitenote_active":false,"_monsterinsights_sitenote_note":"","_monsterinsights_sitenote_category":0,"footnotes":""},"categories":[14],"tags":[362],"class_list":["post-6022","post","type-post","status-publish","format-standard","has-post-thumbnail","hentry","category-tenis","tag-complejo-nacional-de-tenis-de-puerto-cabello"],"_links":{"self":[{"href":"https:\/\/fundadeporte.gob.ve\/carabobo\/wp-json\/wp\/v2\/posts\/6022","targetHints":{"allow":["GET"]}}],"collection":[{"href":"https:\/\/fundadeporte.gob.ve\/carabobo\/wp-json\/wp\/v2\/posts"}],"about":[{"href":"https:\/\/fundadeporte.gob.ve\/carabobo\/wp-json\/wp\/v2\/types\/post"}],"author":[{"embeddable":true,"href":"https:\/\/fundadeporte.gob.ve\/carabobo\/wp-json\/wp\/v2\/users\/4"}],"replies":[{"embeddable":true,"href":"https:\/\/fundadeporte.gob.ve\/carabobo\/wp-json\/wp\/v2\/comments?post=6022"}],"version-history":[{"count":2,"href":"https:\/\/fundadeporte.gob.ve\/carabobo\/wp-json\/wp\/v2\/posts\/6022\/revisions"}],"predecessor-version":[{"id":6025,"href":"https:\/\/fundadeporte.gob.ve\/carabobo\/wp-json\/wp\/v2\/posts\/6022\/revisions\/6025"}],"wp:featuredmedia":[{"embeddable":true,"href":"https:\/\/fundadeporte.gob.ve\/carabobo\/wp-json\/wp\/v2\/media\/6024"}],"wp:attachment":[{"href":"https:\/\/fundadeporte.gob.ve\/carabobo\/wp-json\/wp\/v2\/media?parent=6022"}],"wp:term":[{"taxonomy":"category","embeddable":true,"href":"https:\/\/fundadeporte.gob.ve\/carabobo\/wp-json\/wp\/v2\/categories?post=6022"},{"taxonomy":"post_tag","embeddable":true,"href":"https:\/\/fundadeporte.gob.ve\/carabobo\/wp-json\/wp\/v2\/tags?post=6022"}],"curies":[{"name":"wp","href":"https:\/\/api.w.org\/{rel}","templated":true}]}}