{"id":6015,"date":"2024-08-28T10:34:35","date_gmt":"2024-08-28T14:34:35","guid":{"rendered":"https:\/\/fundadeporte.gob.ve\/carabobo\/?p=6015"},"modified":"2024-08-28T15:52:04","modified_gmt":"2024-08-28T19:52:04","slug":"festival-pelota-roja-de-tenis-2024","status":"publish","type":"post","link":"https:\/\/fundadeporte.gob.ve\/carabobo\/festival-pelota-roja-de-tenis-2024\/","title":{"rendered":"Culmina con \u00e9xito el V Semillero Festival Pelota Roja de Tenis 2024"},"content":{"rendered":"<h4><span style=\"color: #003366;\">Del 22 al 24 de agosto, el Centro Nacional de Tenis de Puerto Cabello fue el escenario del encuentro deportivo donde participaron los j\u00f3venes deportistas. Eventos de este estilo representan una oportunidad \u00fanica para que los talentos emergentes del tenis muestren sus habilidades y compitan en un ambiente de camarader\u00eda y esp\u00edritu deportivo.<\/span><\/h4>\n<p>Las semillitas ganadoras en la categor\u00eda Pelota Naranja CB son: Eduarlys M\u00e1rquez como Campeona y Tiziana Cannita como Finalista. En la categor\u00eda Pelota Verde encontramos como Campeona a Jonaitys Ferreira y como Finalista a Zhamira Awais.<\/p>\n<p>En la Pelota Naranja Amanda Rodr\u00edguez logr\u00f3 posicionarse como Campeona mientras que Fernanda Hern\u00e1ndez culmin\u00f3 como Finalista. En la Categor\u00eda Pelota Verde CB se encuentra Camila Alvarado como Campeona y Lucia Reverol qued\u00f3 como Finalista.<\/p>\n<p>Finalizando en la categor\u00eda 12 a\u00f1os la Campeona fue Valeria Buitrago mientras que la Finalista fue Camila Mendoza. A todas ellas les hacemos llegar nuestras mayores felicitaciones por lograr cumplir con \u00e9xito y dedicaci\u00f3n sus actividades deportivas.<\/p>\n<p>El apoyo de instituciones prestigiosas como la Gobernaci\u00f3n de Carabobo, la Academia de Tenis de Puerto Cabello, la Alcald\u00eda de Puerto Cabello, la Federaci\u00f3n Venezolana de Tenis, la Asociaci\u00f3n de Tenis del estado Carabobo y la Fundaci\u00f3n para el Desarrollo del Deporte en Carabobo Fundadeporte, presidida por Jhonny Del Corral, garantizaron un evento de alta calidad y con el respaldo necesario para su \u00e9xito.<\/p>\n<p><img loading=\"lazy\" decoding=\"async\" class=\"aligncenter size-full wp-image-6018\" src=\"https:\/\/fundadeporte.gob.ve\/carabobo\/wp-content\/uploads\/2024\/08\/V-Semillero-ATPC.jpg\" alt=\"tenis infantil\" width=\"1080\" height=\"1349\" srcset=\"https:\/\/fundadeporte.gob.ve\/carabobo\/wp-content\/uploads\/2024\/08\/V-Semillero-ATPC.jpg 1080w, https:\/\/fundadeporte.gob.ve\/carabobo\/wp-content\/uploads\/2024\/08\/V-Semillero-ATPC-240x300.jpg 240w, https:\/\/fundadeporte.gob.ve\/carabobo\/wp-content\/uploads\/2024\/08\/V-Semillero-ATPC-820x1024.jpg 820w, https:\/\/fundadeporte.gob.ve\/carabobo\/wp-content\/uploads\/2024\/08\/V-Semillero-ATPC-768x959.jpg 768w\" sizes=\"auto, (max-width: 1080px) 100vw, 1080px\" \/><\/p>\n<p>Este festival no solo es una competencia, sino tambi\u00e9n una celebraci\u00f3n del deporte y un impulso para el desarrollo del tenis en la regi\u00f3n. Con premiaciones que reconocieron el esfuerzo y la dedicaci\u00f3n de los atletas, el V Semillero Festival Pelota Roja de Tenis 2024 se perfil\u00f3 desde sus inicios como un evento imperdible para la comunidad deportiva y los aficionados al tenis.<\/p>\n<blockquote class=\"wp-embedded-content\" data-secret=\"eXrQfFSTL6\"><p><a href=\"https:\/\/fundadeporte.gob.ve\/carabobo\/2do-nacional-de-tenis-2024\/\">Realizado con \u00e9xito el 2do Nacional de Tenis 2024<\/a><\/p><\/blockquote>\n<p><iframe loading=\"lazy\" class=\"wp-embedded-content\" sandbox=\"allow-scripts\" security=\"restricted\" style=\"position: absolute; visibility: hidden;\" title=\"\u00abRealizado con \u00e9xito el 2do Nacional de Tenis 2024\u00bb \u2014 Fundadeporte\" src=\"https:\/\/fundadeporte.gob.ve\/carabobo\/2do-nacional-de-tenis-2024\/embed\/#?secret=lo4oQj81o9#?secret=eXrQfFSTL6\" data-secret=\"eXrQfFSTL6\" width=\"600\" height=\"338\" frameborder=\"0\" marginwidth=\"0\" marginheight=\"0\" scrolling=\"no\"><\/iframe><\/p>\n<p>&nbsp;<\/p>\n","protected":false},"excerpt":{"rendered":"<p>Del 22 al 24 de agosto, el Centro Nacional de Tenis de Puerto Cabello fue el escenario del encuentro deportivo donde participaron los j\u00f3venes deportistas. Eventos de este estilo representan una oportunidad \u00fanica para que los talentos emergentes del tenis muestren sus habilidades y compitan en un ambiente de camarader\u00eda y esp\u00edritu deportivo. Las semillitas [&hellip;]<\/p>\n","protected":false},"author":4,"featured_media":6110,"comment_status":"open","ping_status":"closed","sticky":false,"template":"","format":"standard","meta":{"om_disable_all_campaigns":false,"_monsterinsights_skip_tracking":false,"_monsterinsights_sitenote_active":false,"_monsterinsights_sitenote_note":"","_monsterinsights_sitenote_category":0,"footnotes":""},"categories":[14],"tags":[380],"class_list":["post-6015","post","type-post","status-publish","format-standard","has-post-thumbnail","hentry","category-tenis","tag-festival-pelota-roja-de-tenis"],"_links":{"self":[{"href":"https:\/\/fundadeporte.gob.ve\/carabobo\/wp-json\/wp\/v2\/posts\/6015","targetHints":{"allow":["GET"]}}],"collection":[{"href":"https:\/\/fundadeporte.gob.ve\/carabobo\/wp-json\/wp\/v2\/posts"}],"about":[{"href":"https:\/\/fundadeporte.gob.ve\/carabobo\/wp-json\/wp\/v2\/types\/post"}],"author":[{"embeddable":true,"href":"https:\/\/fundadeporte.gob.ve\/carabobo\/wp-json\/wp\/v2\/users\/4"}],"replies":[{"embeddable":true,"href":"https:\/\/fundadeporte.gob.ve\/carabobo\/wp-json\/wp\/v2\/comments?post=6015"}],"version-history":[{"count":7,"href":"https:\/\/fundadeporte.gob.ve\/carabobo\/wp-json\/wp\/v2\/posts\/6015\/revisions"}],"predecessor-version":[{"id":6111,"href":"https:\/\/fundadeporte.gob.ve\/carabobo\/wp-json\/wp\/v2\/posts\/6015\/revisions\/6111"}],"wp:featuredmedia":[{"embeddable":true,"href":"https:\/\/fundadeporte.gob.ve\/carabobo\/wp-json\/wp\/v2\/media\/6110"}],"wp:attachment":[{"href":"https:\/\/fundadeporte.gob.ve\/carabobo\/wp-json\/wp\/v2\/media?parent=6015"}],"wp:term":[{"taxonomy":"category","embeddable":true,"href":"https:\/\/fundadeporte.gob.ve\/carabobo\/wp-json\/wp\/v2\/categories?post=6015"},{"taxonomy":"post_tag","embeddable":true,"href":"https:\/\/fundadeporte.gob.ve\/carabobo\/wp-json\/wp\/v2\/tags?post=6015"}],"curies":[{"name":"wp","href":"https:\/\/api.w.org\/{rel}","templated":true}]}}