{"id":5933,"date":"2024-07-12T11:39:58","date_gmt":"2024-07-12T15:39:58","guid":{"rendered":"https:\/\/fundadeporte.gob.ve\/carabobo\/?p=5933"},"modified":"2024-07-12T11:39:58","modified_gmt":"2024-07-12T15:39:58","slug":"campeonato-latinoamericano-de-pequenas-ligas-de-besibol","status":"publish","type":"post","link":"https:\/\/fundadeporte.gob.ve\/carabobo\/campeonato-latinoamericano-de-pequenas-ligas-de-besibol\/","title":{"rendered":"Carabobe\u00f1os subieron al podio del Campeonato Latinoamericano de Peque\u00f1as Ligas de B\u00e9isbol"},"content":{"rendered":"<h4><span style=\"color: #000080;\">La Peque\u00f1a Liga de Beisbol Flor Amarillo de Valencia en representaci\u00f3n de Venezuela en el Campeonato Latinoamericano de Peque\u00f1as Ligas, categor\u00eda j\u00fanior (13-14 a\u00f1os), ocup\u00f3 el tercer lugar en el podio del torneo que se disput\u00f3 del 5 al 11 de julio en Managua, Nicaragua.<\/span><\/h4>\n<p>Los carabobe\u00f1os enfrentaron al equipo Nicaragua B, en un partido que fue suspendido por lluvia el pasado mi\u00e9rcoles 10 de julio. El juego lleg\u00f3 hasta la parte baja de la octava entrada cuando la novena anfitriona ganaba con marcador 8-2 a Venezuela.<\/p>\n<p>Los equipos se encontraban empatados a dos carreras hasta el s\u00e9ptimo inning, pero en la parte alta del octavo hicieron seis anotaciones y tomaron la delantera. Luego, Venezuela estaba consumiendo su \u00faltimo turno al bate, con dos outs y las bases llenas cuando el juego fue suspendido.<\/p>\n<p>El encuentro continu\u00f3 el jueves 11 de julio en el estadio Jackie Robinson ubicado en el Instituto Nicarag\u00fcense de Deportes, donde Venezuela anot\u00f3 dos carreras m\u00e1s para dejar la pizarra 8-4 y llegar de terceros en la competici\u00f3n. Los nicarag\u00fcenses se titularon campeones mientras que la selecci\u00f3n de Curazao qued\u00f3 como subcampe\u00f3n.<\/p>\n","protected":false},"excerpt":{"rendered":"<p>La Peque\u00f1a Liga de Beisbol Flor Amarillo de Valencia en representaci\u00f3n de Venezuela en el Campeonato Latinoamericano de Peque\u00f1as Ligas, categor\u00eda j\u00fanior (13-14 a\u00f1os), ocup\u00f3 el tercer lugar en el podio del torneo que se disput\u00f3 del 5 al 11 de julio en Managua, Nicaragua. Los carabobe\u00f1os enfrentaron al equipo Nicaragua B, en un partido [&hellip;]<\/p>\n","protected":false},"author":4,"featured_media":5934,"comment_status":"open","ping_status":"closed","sticky":false,"template":"","format":"standard","meta":{"om_disable_all_campaigns":false,"_monsterinsights_skip_tracking":false,"_monsterinsights_sitenote_active":false,"_monsterinsights_sitenote_note":"","_monsterinsights_sitenote_category":0,"footnotes":""},"categories":[43],"tags":[377],"class_list":["post-5933","post","type-post","status-publish","format-standard","has-post-thumbnail","hentry","category-beisbol","tag-campeonato-latinoamericano-de-pequenas-ligas-de-beisbol"],"_links":{"self":[{"href":"https:\/\/fundadeporte.gob.ve\/carabobo\/wp-json\/wp\/v2\/posts\/5933","targetHints":{"allow":["GET"]}}],"collection":[{"href":"https:\/\/fundadeporte.gob.ve\/carabobo\/wp-json\/wp\/v2\/posts"}],"about":[{"href":"https:\/\/fundadeporte.gob.ve\/carabobo\/wp-json\/wp\/v2\/types\/post"}],"author":[{"embeddable":true,"href":"https:\/\/fundadeporte.gob.ve\/carabobo\/wp-json\/wp\/v2\/users\/4"}],"replies":[{"embeddable":true,"href":"https:\/\/fundadeporte.gob.ve\/carabobo\/wp-json\/wp\/v2\/comments?post=5933"}],"version-history":[{"count":1,"href":"https:\/\/fundadeporte.gob.ve\/carabobo\/wp-json\/wp\/v2\/posts\/5933\/revisions"}],"predecessor-version":[{"id":5935,"href":"https:\/\/fundadeporte.gob.ve\/carabobo\/wp-json\/wp\/v2\/posts\/5933\/revisions\/5935"}],"wp:featuredmedia":[{"embeddable":true,"href":"https:\/\/fundadeporte.gob.ve\/carabobo\/wp-json\/wp\/v2\/media\/5934"}],"wp:attachment":[{"href":"https:\/\/fundadeporte.gob.ve\/carabobo\/wp-json\/wp\/v2\/media?parent=5933"}],"wp:term":[{"taxonomy":"category","embeddable":true,"href":"https:\/\/fundadeporte.gob.ve\/carabobo\/wp-json\/wp\/v2\/categories?post=5933"},{"taxonomy":"post_tag","embeddable":true,"href":"https:\/\/fundadeporte.gob.ve\/carabobo\/wp-json\/wp\/v2\/tags?post=5933"}],"curies":[{"name":"wp","href":"https:\/\/api.w.org\/{rel}","templated":true}]}}