{"id":5740,"date":"2024-06-30T09:35:31","date_gmt":"2024-06-30T13:35:31","guid":{"rendered":"https:\/\/fundadeporte.gob.ve\/carabobo\/?p=5740"},"modified":"2024-08-13T10:18:10","modified_gmt":"2024-08-13T14:18:10","slug":"2do-nacional-de-tenis-2024","status":"publish","type":"post","link":"https:\/\/fundadeporte.gob.ve\/carabobo\/2do-nacional-de-tenis-2024\/","title":{"rendered":"Realizado con \u00e9xito el 2do Nacional de Tenis 2024"},"content":{"rendered":"<h4><span style=\"color: #003366;\">La Fundaci\u00f3n Carabobe\u00f1a para el Desarrollo del Deporte perteneciente al Gobierno de Carabobo FUNDADEPORTE liderado por Rafael Lacava y presidida por Jhonny Del Corral junto a la <span class=\"x193iq5w xeuugli x13faqbe x1vvkbs x1xmvt09 x6prxxf xvq8zen xo1l8bm xi81zsa\"><span class=\"xt0psk2\">Academia Nacional de Tenis, la Asociaci\u00f3n de Tenis del estado Carabobo, la Alcald\u00eda de Puerto Cabello y la Federaci\u00f3n Venezolana de Tenis, respaldaron el evento deportivo que se llev\u00f3 a cabo a partir del jueves 27 de junio.<\/span><\/span><\/span><\/h4>\n<p>El importante evento reuni\u00f3 a destacados deportistas del tenis en la categor\u00eda de pelota de colores de todo el pa\u00eds y se celebr\u00f3 en las instalaciones del Centro Nacional de Tenis de Puerto Cabello, en el estado Carabobo.<\/p>\n<p>Los ganadores del II Nacional de Tenis categor\u00eda Pelota de Colores fueron:<\/p>\n<p>PV MASCULINO<br \/>\nCampe\u00f3n: Diego Romero \/ Finalista: V\u00edctor Ruiz<\/p>\n<p>PV FEMENINO<br \/>\nCampeona: Isabela P\u00e9rez \/ Finalista: Danna Rinc\u00f3n<\/p>\n<p>PN MASCULINO<br \/>\nCampe\u00f3n: Robert Paredes \/ Finalista: Miguel Mikhael<\/p>\n<p>PN FEMENINO<br \/>\nCampeona: Claudia Rodr\u00edguez \/ Finalista: Elizabeth Gonz\u00e1lez<\/p>\n<p>CB PV MASCULINO<br \/>\nCampe\u00f3n: Jes\u00fas Fern\u00e1ndez \/ Finalista: Diego Aular<\/p>\n<p>CB PV FEMENINO<br \/>\nCampeona: Letizia Gerardi \/ Finalista: Mar\u00eda F. Reyes<\/p>\n<p>CB PN MASCULINO<br \/>\nCampe\u00f3n: Ezequiel Gonz\u00e1lez \/ Finalista: Maximiliano G\u00f3mez<\/p>\n<p>CB PN FEMENINO<br \/>\nCampeona: Veronika Burmistrau \/ Finalista: Natalia P\u00e9rez<\/p>\n<p>DOBLES PV MASCULINO<br \/>\nCampeones: Diego Romero, David S\u00e1ez \/ Finalistas: Jes\u00fas Calzadilla, V\u00edctor Ruiz<\/p>\n<p>DOBLES PV FEMENINO<br \/>\nCampeonas: Danna Rinc\u00f3n, Isabella Quintero \/ Finalistas: Helly Mustafa, Luciana G\u00f3mez<\/p>\n<p>DOBLES PN MASCULINO<br \/>\nCampeones: Robert Paredes, Ezequiel Gonz\u00e1lez \/ Finalistas: Maximiliano G\u00f3mez, Miguel Mikhael<\/p>\n<p>DOBLES PN FEMENINO<br \/>\nCampeonas: Natalia P\u00e9rez, Claudia Rodr\u00edguez \/ Finalistas: Elizabeth Gonz\u00e1lez, Laura Rodr\u00edguez<\/p>\n<blockquote class=\"wp-embedded-content\" data-secret=\"7jnjpXWluF\"><p><a href=\"https:\/\/fundadeporte.gob.ve\/carabobo\/nacional-de-pelota-de-colores\/\">J\u00f3venes tenistas brillaron en el II Nacional de Pelota de Colores<\/a><\/p><\/blockquote>\n<p><iframe loading=\"lazy\" class=\"wp-embedded-content\" sandbox=\"allow-scripts\" security=\"restricted\" style=\"position: absolute; visibility: hidden;\" title=\"\u00abJ\u00f3venes tenistas brillaron en el II Nacional de Pelota de Colores\u00bb \u2014 Fundadeporte\" src=\"https:\/\/fundadeporte.gob.ve\/carabobo\/nacional-de-pelota-de-colores\/embed\/#?secret=5cRtebGMD3#?secret=7jnjpXWluF\" data-secret=\"7jnjpXWluF\" width=\"600\" height=\"338\" frameborder=\"0\" marginwidth=\"0\" marginheight=\"0\" scrolling=\"no\"><\/iframe><\/p>\n<p>&nbsp;<\/p>\n","protected":false},"excerpt":{"rendered":"<p>La Fundaci\u00f3n Carabobe\u00f1a para el Desarrollo del Deporte perteneciente al Gobierno de Carabobo FUNDADEPORTE liderado por Rafael Lacava y presidida por Jhonny Del Corral junto a la Academia Nacional de Tenis, la Asociaci\u00f3n de Tenis del estado Carabobo, la Alcald\u00eda de Puerto Cabello y la Federaci\u00f3n Venezolana de Tenis, respaldaron el evento deportivo que se [&hellip;]<\/p>\n","protected":false},"author":4,"featured_media":5741,"comment_status":"open","ping_status":"closed","sticky":false,"template":"","format":"standard","meta":{"om_disable_all_campaigns":false,"_monsterinsights_skip_tracking":false,"_monsterinsights_sitenote_active":false,"_monsterinsights_sitenote_note":"","_monsterinsights_sitenote_category":0,"footnotes":""},"categories":[14],"tags":[362],"class_list":["post-5740","post","type-post","status-publish","format-standard","has-post-thumbnail","hentry","category-tenis","tag-complejo-nacional-de-tenis-de-puerto-cabello"],"_links":{"self":[{"href":"https:\/\/fundadeporte.gob.ve\/carabobo\/wp-json\/wp\/v2\/posts\/5740","targetHints":{"allow":["GET"]}}],"collection":[{"href":"https:\/\/fundadeporte.gob.ve\/carabobo\/wp-json\/wp\/v2\/posts"}],"about":[{"href":"https:\/\/fundadeporte.gob.ve\/carabobo\/wp-json\/wp\/v2\/types\/post"}],"author":[{"embeddable":true,"href":"https:\/\/fundadeporte.gob.ve\/carabobo\/wp-json\/wp\/v2\/users\/4"}],"replies":[{"embeddable":true,"href":"https:\/\/fundadeporte.gob.ve\/carabobo\/wp-json\/wp\/v2\/comments?post=5740"}],"version-history":[{"count":5,"href":"https:\/\/fundadeporte.gob.ve\/carabobo\/wp-json\/wp\/v2\/posts\/5740\/revisions"}],"predecessor-version":[{"id":6014,"href":"https:\/\/fundadeporte.gob.ve\/carabobo\/wp-json\/wp\/v2\/posts\/5740\/revisions\/6014"}],"wp:featuredmedia":[{"embeddable":true,"href":"https:\/\/fundadeporte.gob.ve\/carabobo\/wp-json\/wp\/v2\/media\/5741"}],"wp:attachment":[{"href":"https:\/\/fundadeporte.gob.ve\/carabobo\/wp-json\/wp\/v2\/media?parent=5740"}],"wp:term":[{"taxonomy":"category","embeddable":true,"href":"https:\/\/fundadeporte.gob.ve\/carabobo\/wp-json\/wp\/v2\/categories?post=5740"},{"taxonomy":"post_tag","embeddable":true,"href":"https:\/\/fundadeporte.gob.ve\/carabobo\/wp-json\/wp\/v2\/tags?post=5740"}],"curies":[{"name":"wp","href":"https:\/\/api.w.org\/{rel}","templated":true}]}}