{"id":5640,"date":"2024-05-25T10:29:44","date_gmt":"2024-05-25T14:29:44","guid":{"rendered":"https:\/\/fundadeporte.gob.ve\/carabobo\/?p=5640"},"modified":"2024-05-25T10:34:55","modified_gmt":"2024-05-25T14:34:55","slug":"campeonato-panamericano-de-karate-senior-uruguay-2024","status":"publish","type":"post","link":"https:\/\/fundadeporte.gob.ve\/carabobo\/campeonato-panamericano-de-karate-senior-uruguay-2024\/","title":{"rendered":"Oro para Claudymar Garc\u00e9s en el Campeonato Panamericano de Karate Senior Uruguay 2024"},"content":{"rendered":"<h4><span style=\"color: #000080;\">La deportista de Carabobo conquist\u00f3 la medalla de oro en la categor\u00eda de -61 kg de Kumite en el Panamericano de la disciplina, tras vencer por senshu 2-2 a la colombiana Natalia Bernal.<\/span><\/h4>\n<p>Su primer encuentro fue contra la representante de Chile logrando la victoria 9 a 1. En su segundo combate derrota a su contrincante de Argentina 8 a 0 y pasa a semifinales derrotando en la tercera batalla a su contrincante de Colombia para derrotarla 6 a 1 por lo que logra obtener su pase a la final y alcanzar la medalla dorada de manera invicta.<\/p>\n<figure id=\"attachment_5646\" aria-describedby=\"caption-attachment-5646\" style=\"width: 752px\" class=\"wp-caption aligncenter\"><img loading=\"lazy\" decoding=\"async\" class=\"size-full wp-image-5646\" src=\"https:\/\/fundadeporte.gob.ve\/carabobo\/wp-content\/uploads\/2024\/05\/Claudymar-Garces-categoria-61-kg-de-Kumite-.jpg\" alt=\"carabobo deporte\" width=\"752\" height=\"682\" srcset=\"https:\/\/fundadeporte.gob.ve\/carabobo\/wp-content\/uploads\/2024\/05\/Claudymar-Garces-categoria-61-kg-de-Kumite-.jpg 752w, https:\/\/fundadeporte.gob.ve\/carabobo\/wp-content\/uploads\/2024\/05\/Claudymar-Garces-categoria-61-kg-de-Kumite--300x272.jpg 300w\" sizes=\"auto, (max-width: 752px) 100vw, 752px\" \/><figcaption id=\"caption-attachment-5646\" class=\"wp-caption-text\">Claudymar Garc\u00e9s categor\u00eda -61 kg de Kumite<\/figcaption><\/figure>\n<p>El XXXVI Campeonato Panamericano de Karate Senior se celebr\u00f3 del 23 al 25 de mayo en el Centro de Convenciones de Punta del Este, contando con la participaci\u00f3n de destacados atletas del continente.<\/p>\n<p>Los tres primeros lugares de las categor\u00edas kumite y kata por equipos obtendr\u00e1n clasificaci\u00f3n directa al Campeonato Mundial WKF, que tendr\u00e1 lugar en Pamplona, Espa\u00f1a, del 22 al 24 de noviembre de 2024.<\/p>\n<blockquote class=\"wp-embedded-content\" data-secret=\"dXThT5Ku9W\"><p><a href=\"https:\/\/fundadeporte.gob.ve\/carabobo\/claudymar-garces-juegos-panamericanos-santiago-2023\/\">Claudymar Garc\u00e9s gana medalla bronce en los Juegos Panamericanos Santiago 2023<\/a><\/p><\/blockquote>\n<p><iframe loading=\"lazy\" class=\"wp-embedded-content\" sandbox=\"allow-scripts\" security=\"restricted\" style=\"position: absolute; clip: rect(1px, 1px, 1px, 1px);\" title=\"\u00abClaudymar Garc\u00e9s gana medalla bronce en los Juegos Panamericanos Santiago 2023\u00bb \u2014 Fundadeporte\" src=\"https:\/\/fundadeporte.gob.ve\/carabobo\/claudymar-garces-juegos-panamericanos-santiago-2023\/embed\/#?secret=vsvQ09WoiV#?secret=dXThT5Ku9W\" data-secret=\"dXThT5Ku9W\" width=\"600\" height=\"338\" frameborder=\"0\" marginwidth=\"0\" marginheight=\"0\" scrolling=\"no\"><\/iframe><\/p>\n<p>&nbsp;<\/p>\n","protected":false},"excerpt":{"rendered":"<p>La deportista de Carabobo conquist\u00f3 la medalla de oro en la categor\u00eda de -61 kg de Kumite en el Panamericano de la disciplina, tras vencer por senshu 2-2 a la colombiana Natalia Bernal. Su primer encuentro fue contra la representante de Chile logrando la victoria 9 a 1. En su segundo combate derrota a su [&hellip;]<\/p>\n","protected":false},"author":4,"featured_media":5647,"comment_status":"open","ping_status":"closed","sticky":false,"template":"","format":"standard","meta":{"om_disable_all_campaigns":false,"_monsterinsights_skip_tracking":false,"_monsterinsights_sitenote_active":false,"_monsterinsights_sitenote_note":"","_monsterinsights_sitenote_category":0,"footnotes":""},"categories":[25],"tags":[364,139],"class_list":["post-5640","post","type-post","status-publish","format-standard","has-post-thumbnail","hentry","category-artes_marciales","tag-campeonato-panamericano-de-karate","tag-claudymar-garces"],"_links":{"self":[{"href":"https:\/\/fundadeporte.gob.ve\/carabobo\/wp-json\/wp\/v2\/posts\/5640","targetHints":{"allow":["GET"]}}],"collection":[{"href":"https:\/\/fundadeporte.gob.ve\/carabobo\/wp-json\/wp\/v2\/posts"}],"about":[{"href":"https:\/\/fundadeporte.gob.ve\/carabobo\/wp-json\/wp\/v2\/types\/post"}],"author":[{"embeddable":true,"href":"https:\/\/fundadeporte.gob.ve\/carabobo\/wp-json\/wp\/v2\/users\/4"}],"replies":[{"embeddable":true,"href":"https:\/\/fundadeporte.gob.ve\/carabobo\/wp-json\/wp\/v2\/comments?post=5640"}],"version-history":[{"count":6,"href":"https:\/\/fundadeporte.gob.ve\/carabobo\/wp-json\/wp\/v2\/posts\/5640\/revisions"}],"predecessor-version":[{"id":5651,"href":"https:\/\/fundadeporte.gob.ve\/carabobo\/wp-json\/wp\/v2\/posts\/5640\/revisions\/5651"}],"wp:featuredmedia":[{"embeddable":true,"href":"https:\/\/fundadeporte.gob.ve\/carabobo\/wp-json\/wp\/v2\/media\/5647"}],"wp:attachment":[{"href":"https:\/\/fundadeporte.gob.ve\/carabobo\/wp-json\/wp\/v2\/media?parent=5640"}],"wp:term":[{"taxonomy":"category","embeddable":true,"href":"https:\/\/fundadeporte.gob.ve\/carabobo\/wp-json\/wp\/v2\/categories?post=5640"},{"taxonomy":"post_tag","embeddable":true,"href":"https:\/\/fundadeporte.gob.ve\/carabobo\/wp-json\/wp\/v2\/tags?post=5640"}],"curies":[{"name":"wp","href":"https:\/\/api.w.org\/{rel}","templated":true}]}}