{"id":5569,"date":"2024-05-05T14:49:27","date_gmt":"2024-05-05T18:49:27","guid":{"rendered":"https:\/\/fundadeporte.gob.ve\/carabobo\/?p=5569"},"modified":"2024-05-05T14:50:28","modified_gmt":"2024-05-05T18:50:28","slug":"venezuela-world-junior-surfing-championship","status":"publish","type":"post","link":"https:\/\/fundadeporte.gob.ve\/carabobo\/venezuela-world-junior-surfing-championship\/","title":{"rendered":"Surfistas carabobe\u00f1os defienden el tricolor nacional en mundial juvenil en El Salvador"},"content":{"rendered":"<h4>Los atletas carabobe\u00f1os Valeria Ben\u00edtez, Ximena Acevedo y Jhoifre Vargas, integrantes de la selecci\u00f3n venezolana de surfing junior, se encuentran en las playas de La Bocana y El Sunzal en El Salvador para competir en el International Surfing Asociation (ISA) World Junior Surfing Championship, que se desarrollar\u00e1 del 3 al 12 de mayo.<\/h4>\n<p>La selecci\u00f3n criolla se medir\u00e1 con 447 atletas de 54 pa\u00edses en el torneo que durante los pr\u00f3ximos d\u00edas ser\u00e1 el epicentro del surf juvenil, donde buscar\u00e1n un lugar en el p\u00f3dium de este importante compromiso.<\/p>\n<p>Est\u00e1 previsto que los surfistas carabobe\u00f1os integrantes de la selecci\u00f3n venezolana entren al agua este domingo 5 de mayo.<\/p>\n<p>Los mejores surfistas juveniles de todas partes del mundo competir\u00e1n por medallas en este prestigioso evento que ha demostrado ser un camino directo hacia los Juegos Ol\u00edmpicos.<\/p>\n<blockquote class=\"wp-embedded-content\" data-secret=\"vGX17ktM1E\"><p><a href=\"https:\/\/fundadeporte.gob.ve\/carabobo\/campeonato-mundial-juvenil-de-surf\/\">Cuatro surfistas carabobe\u00f1os buscar\u00e1n el cupo al Mundial Juvenil<\/a><\/p><\/blockquote>\n<p><iframe loading=\"lazy\" class=\"wp-embedded-content\" sandbox=\"allow-scripts\" security=\"restricted\" style=\"position: absolute; clip: rect(1px, 1px, 1px, 1px);\" title=\"\u00abCuatro surfistas carabobe\u00f1os buscar\u00e1n el cupo al Mundial Juvenil\u00bb \u2014 Fundadeporte\" src=\"https:\/\/fundadeporte.gob.ve\/carabobo\/campeonato-mundial-juvenil-de-surf\/embed\/#?secret=0fdZTm2q1v#?secret=vGX17ktM1E\" data-secret=\"vGX17ktM1E\" width=\"600\" height=\"338\" frameborder=\"0\" marginwidth=\"0\" marginheight=\"0\" scrolling=\"no\"><\/iframe><\/p>\n<p>&nbsp;<\/p>\n","protected":false},"excerpt":{"rendered":"<p>Los atletas carabobe\u00f1os Valeria Ben\u00edtez, Ximena Acevedo y Jhoifre Vargas, integrantes de la selecci\u00f3n venezolana de surfing junior, se encuentran en las playas de La Bocana y El Sunzal en El Salvador para competir en el International Surfing Asociation (ISA) World Junior Surfing Championship, que se desarrollar\u00e1 del 3 al 12 de mayo. La selecci\u00f3n [&hellip;]<\/p>\n","protected":false},"author":4,"featured_media":5570,"comment_status":"open","ping_status":"closed","sticky":false,"template":"","format":"standard","meta":{"om_disable_all_campaigns":false,"_monsterinsights_skip_tracking":false,"footnotes":""},"categories":[66],"tags":[276],"class_list":["post-5569","post","type-post","status-publish","format-standard","has-post-thumbnail","hentry","category-deportes","tag-campeonato-mundial-juvenil-de-surf"],"_links":{"self":[{"href":"https:\/\/fundadeporte.gob.ve\/carabobo\/wp-json\/wp\/v2\/posts\/5569","targetHints":{"allow":["GET"]}}],"collection":[{"href":"https:\/\/fundadeporte.gob.ve\/carabobo\/wp-json\/wp\/v2\/posts"}],"about":[{"href":"https:\/\/fundadeporte.gob.ve\/carabobo\/wp-json\/wp\/v2\/types\/post"}],"author":[{"embeddable":true,"href":"https:\/\/fundadeporte.gob.ve\/carabobo\/wp-json\/wp\/v2\/users\/4"}],"replies":[{"embeddable":true,"href":"https:\/\/fundadeporte.gob.ve\/carabobo\/wp-json\/wp\/v2\/comments?post=5569"}],"version-history":[{"count":2,"href":"https:\/\/fundadeporte.gob.ve\/carabobo\/wp-json\/wp\/v2\/posts\/5569\/revisions"}],"predecessor-version":[{"id":5572,"href":"https:\/\/fundadeporte.gob.ve\/carabobo\/wp-json\/wp\/v2\/posts\/5569\/revisions\/5572"}],"wp:featuredmedia":[{"embeddable":true,"href":"https:\/\/fundadeporte.gob.ve\/carabobo\/wp-json\/wp\/v2\/media\/5570"}],"wp:attachment":[{"href":"https:\/\/fundadeporte.gob.ve\/carabobo\/wp-json\/wp\/v2\/media?parent=5569"}],"wp:term":[{"taxonomy":"category","embeddable":true,"href":"https:\/\/fundadeporte.gob.ve\/carabobo\/wp-json\/wp\/v2\/categories?post=5569"},{"taxonomy":"post_tag","embeddable":true,"href":"https:\/\/fundadeporte.gob.ve\/carabobo\/wp-json\/wp\/v2\/tags?post=5569"}],"curies":[{"name":"wp","href":"https:\/\/api.w.org\/{rel}","templated":true}]}}