{"id":5226,"date":"2024-02-24T09:52:27","date_gmt":"2024-02-24T13:52:27","guid":{"rendered":"https:\/\/fundadeporte.gob.ve\/carabobo\/?p=5226"},"modified":"2024-02-24T09:52:41","modified_gmt":"2024-02-24T13:52:41","slug":"campeonato-nacional-de-triatlon-la-guaira-2024","status":"publish","type":"post","link":"https:\/\/fundadeporte.gob.ve\/carabobo\/campeonato-nacional-de-triatlon-la-guaira-2024\/","title":{"rendered":"Carabobo fue el monarca del Campeonato Nacional de Triatl\u00f3n La Guaira 2024"},"content":{"rendered":"<h4><span style=\"color: #003366;\">La delegaci\u00f3n de Carabobo se qued\u00f3 con los m\u00e1ximos honores en la competencia deportiva que se disput\u00f3 en el Coliseo de playa \u201cHugo Ch\u00e1vez\u201d de dicha entidad, d\u00f3nde simult\u00e1neamente se disput\u00f3 la Copa Continental con la participaci\u00f3n de 12 pa\u00edses.<\/span><\/h4>\n<p>En el evento nacional Carabobo lider\u00f3 las playas y el asfalto costero para quedarse con el t\u00edtulo de Campeones, escoltados por los representantes de la Guaira y T\u00e1chira, quienes ocuparon el segundo y tercer lugar respectivamente. La competencia se desarroll\u00f3 en la modalidad de triatl\u00f3n distancia sprint 750 mts de nataci\u00f3n, 20 km de ciclismo y 5 km de carrera.<\/p>\n<p>La Guaira es sede del primer evento deportivo de Triatl\u00f3n, con la participaci\u00f3n de 7 triatletas femeninas y 17 triatletas masculinos en la categor\u00eda Junior se dio inicio a la Am\u00e9ricas Triatl\u00f3n Junior Cup La Guaira 2024.<\/p>\n<p>En las primeras posiciones con un dominio total de la prueba se ubicaron Dixon Hern\u00e1ndez, Cristopher Cardenas y Juan Peralta. Mientras que Yaniuzka Jim\u00e9nez, Valentina Manzanilla y Damelis Castillo tambi\u00e9n hicieron su parte en la rama femenina.<\/p>\n<p>Los atletas elites se disputaron la prueba en la distancia est\u00e1ndar, 1500 mts de nataci\u00f3n, 40 km de ciclismo y 10 km de carrera, el d\u00eda s\u00e1bado 17 de febrero. En esta categor\u00eda \u00e9lite, Ucrania, Polonia, Togo, Jap\u00f3n, Rumania, Cuba, M\u00e9xico, Ecuador, Argentina, Colombia, T\u00fcrkiye y Venezuela disputaron cupos directos para los Juegos Ol\u00edmpicos Par\u00eds 2024.<\/p>\n<p>Felix Duchampt, representante de Rumania, fue el campe\u00f3n de la categor\u00eda \u00e9lite masculina con 1 hora, 49 minutos y 12 segundos, ocho segundos por delante del ecuatoriano Juan Jos\u00e9 Andrade, mientras que el colombiano, Carlos Javier Quinchar\u00e1 se adjudic\u00f3 el tercer puesto de la competici\u00f3n.<\/p>\n<p>En la categor\u00eda elite femenina el podio fue para Roksana Slupek de Polonia, la canadiense Emy Legault ocup\u00f3 el segundo lugar y de tercer puesto Ivana Kuriackova. La Venezolana Rosa Mart\u00ednez qued\u00f3 en el quinto lugar de la competencia, posici\u00f3n que le ha asegurado puntos cruciales en su camino hacia Paris 2024.<\/p>\n<p>&nbsp;<\/p>\n","protected":false},"excerpt":{"rendered":"<p>La delegaci\u00f3n de Carabobo se qued\u00f3 con los m\u00e1ximos honores en la competencia deportiva que se disput\u00f3 en el Coliseo de playa \u201cHugo Ch\u00e1vez\u201d de dicha entidad, d\u00f3nde simult\u00e1neamente se disput\u00f3 la Copa Continental con la participaci\u00f3n de 12 pa\u00edses. En el evento nacional Carabobo lider\u00f3 las playas y el asfalto costero para quedarse con [&hellip;]<\/p>\n","protected":false},"author":4,"featured_media":5227,"comment_status":"open","ping_status":"closed","sticky":false,"template":"","format":"standard","meta":{"om_disable_all_campaigns":false,"_monsterinsights_skip_tracking":false,"_monsterinsights_sitenote_active":false,"_monsterinsights_sitenote_note":"","_monsterinsights_sitenote_category":0,"footnotes":""},"categories":[66],"tags":[73],"class_list":["post-5226","post","type-post","status-publish","format-standard","has-post-thumbnail","hentry","category-deportes","tag-campeonato-nacional-de-triatlon-y-acuatlon"],"_links":{"self":[{"href":"https:\/\/fundadeporte.gob.ve\/carabobo\/wp-json\/wp\/v2\/posts\/5226","targetHints":{"allow":["GET"]}}],"collection":[{"href":"https:\/\/fundadeporte.gob.ve\/carabobo\/wp-json\/wp\/v2\/posts"}],"about":[{"href":"https:\/\/fundadeporte.gob.ve\/carabobo\/wp-json\/wp\/v2\/types\/post"}],"author":[{"embeddable":true,"href":"https:\/\/fundadeporte.gob.ve\/carabobo\/wp-json\/wp\/v2\/users\/4"}],"replies":[{"embeddable":true,"href":"https:\/\/fundadeporte.gob.ve\/carabobo\/wp-json\/wp\/v2\/comments?post=5226"}],"version-history":[{"count":1,"href":"https:\/\/fundadeporte.gob.ve\/carabobo\/wp-json\/wp\/v2\/posts\/5226\/revisions"}],"predecessor-version":[{"id":5228,"href":"https:\/\/fundadeporte.gob.ve\/carabobo\/wp-json\/wp\/v2\/posts\/5226\/revisions\/5228"}],"wp:featuredmedia":[{"embeddable":true,"href":"https:\/\/fundadeporte.gob.ve\/carabobo\/wp-json\/wp\/v2\/media\/5227"}],"wp:attachment":[{"href":"https:\/\/fundadeporte.gob.ve\/carabobo\/wp-json\/wp\/v2\/media?parent=5226"}],"wp:term":[{"taxonomy":"category","embeddable":true,"href":"https:\/\/fundadeporte.gob.ve\/carabobo\/wp-json\/wp\/v2\/categories?post=5226"},{"taxonomy":"post_tag","embeddable":true,"href":"https:\/\/fundadeporte.gob.ve\/carabobo\/wp-json\/wp\/v2\/tags?post=5226"}],"curies":[{"name":"wp","href":"https:\/\/api.w.org\/{rel}","templated":true}]}}