{"id":5058,"date":"2023-12-11T10:19:27","date_gmt":"2023-12-11T14:19:27","guid":{"rendered":"https:\/\/fundadeporte.gob.ve\/carabobo\/?p=5058"},"modified":"2023-12-11T10:19:27","modified_gmt":"2023-12-11T14:19:27","slug":"luciano-darderi-dracula-open-2023","status":"publish","type":"post","link":"https:\/\/fundadeporte.gob.ve\/carabobo\/luciano-darderi-dracula-open-2023\/","title":{"rendered":"Con \u00e9pica victoria del tenista Luciano Darderi se consagr\u00f3 campe\u00f3n del Dr\u00e1cula Open 2023"},"content":{"rendered":"<h4><span style=\"color: #000080;\">La fiesta en el Centro Nacional de Tenis en Puerto Cabello cerr\u00f3 con broche de oro, el Dr\u00e1cula Open en su tercera edici\u00f3n tiene nuevo monarca, el italoargentino Luciano Darderi luego de haber superado en la final al portugu\u00e9s Gon\u00e7alo Oliveira por 7-6(5), 6-2 tras 1h50m de juego.<\/span><\/h4>\n<p>\u201cMe sent\u00ed muy bien a pesar de mi lesi\u00f3n me fui encontrando paso a paso el camino y logr\u00e9 ganar la final \u201d, Darderi agreg\u00f3 que entre sus objetivos personales para este 2024 es llegar al top 100.<\/p>\n<p>Una final de dobles emocionante con mucha adrenalina donde los dominicanos Roberto Cid y Nick Hardt vencieron 7-6 7-6 a Aleksandar Kovacevic junto al jugador de Zimbawe Benjam\u00edn Lock.<\/p>\n<p>En un encuentro con los dominicanos ante los medios de comunicaci\u00f3n aseguraron que \u201cse mantuvieron positivos, con las, ganas de ganar y quedar campeones \u201c, agradecieron tambi\u00e9n el apoyo a toda la organizaci\u00f3n por el excelente torneo de talla internacional.<\/p>\n<p>La final cont\u00f3 una un espect\u00e1culo de lujo, y despliegue tecnol\u00f3gico de primera mano. Como todo evento deportivo grande fue la antesala a la gran final del Dr\u00e1cula Open, con juego de luces, humo, y pirotecnia con todos los presentes quedaron encantados con el espect\u00e1culo de m\u00fasica en vivo, que cada edici\u00f3n sigue mejorando para llamar la atenci\u00f3n de los mejores tenistas internacionales.<\/p>\n<p><img loading=\"lazy\" decoding=\"async\" class=\"aligncenter size-full wp-image-5060\" src=\"https:\/\/fundadeporte.gob.ve\/carabobo\/wp-content\/uploads\/2023\/12\/Dracula-Open-2023-1.jpg\" alt=\"dracula open lacava 2023\" width=\"1080\" height=\"675\" srcset=\"https:\/\/fundadeporte.gob.ve\/carabobo\/wp-content\/uploads\/2023\/12\/Dracula-Open-2023-1.jpg 1080w, https:\/\/fundadeporte.gob.ve\/carabobo\/wp-content\/uploads\/2023\/12\/Dracula-Open-2023-1-300x188.jpg 300w, https:\/\/fundadeporte.gob.ve\/carabobo\/wp-content\/uploads\/2023\/12\/Dracula-Open-2023-1-1024x640.jpg 1024w, https:\/\/fundadeporte.gob.ve\/carabobo\/wp-content\/uploads\/2023\/12\/Dracula-Open-2023-1-768x480.jpg 768w\" sizes=\"auto, (max-width: 1080px) 100vw, 1080px\" \/><\/p>\n<p>El Gobernador del estado Carabobo Rafael Lacava tuvo uno de los momentos m\u00e1s significativos de la final del Dr\u00e1cula Open 2023 con m\u00e1s 240 ni\u00f1os y ni\u00f1as que forman parte de la masificaci\u00f3n del tenis, quienes estuvieron presentes en la ceremonia.<\/p>\n<p>Resalt\u00f3 Lacava, que este programa ha generado triunfos significativos en diversos torneos realizados en la regi\u00f3n carabobe\u00f1a, por tal raz\u00f3n, se espera que para el 2024, estos j\u00f3venes tenistas compitan a nivel nacional e internacional.<\/p>\n<p>El gobernador asegur\u00f3 que el proyecto \u201cmasificaci\u00f3n del tenis\u201d es s\u00f3lo el inicio de muchas actividades deportivas que dejar\u00e1n el nombre del estado Carabobo en alto en todo el mundo.<\/p>\n<p>As\u00ed mismo asegur\u00f3 que ven\u00edan cosas grandes para el tenis en el estado, tal como nuevas iniciativas, y estrategias para lograr consolidar a\u00fan m\u00e1s este proyecto en la entidad a nivel internacional.<\/p>\n<p>Para m\u00e1s informaci\u00f3n a trav\u00e9s de las redes sociales @draculaopen, el sitio web del evento www.draculaopen.com y en el canal oficial de YouTube.<\/p>\n","protected":false},"excerpt":{"rendered":"<p>La fiesta en el Centro Nacional de Tenis en Puerto Cabello cerr\u00f3 con broche de oro, el Dr\u00e1cula Open en su tercera edici\u00f3n tiene nuevo monarca, el italoargentino Luciano Darderi luego de haber superado en la final al portugu\u00e9s Gon\u00e7alo Oliveira por 7-6(5), 6-2 tras 1h50m de juego. \u201cMe sent\u00ed muy bien a pesar de [&hellip;]<\/p>\n","protected":false},"author":4,"featured_media":5061,"comment_status":"open","ping_status":"closed","sticky":false,"template":"","format":"standard","meta":{"om_disable_all_campaigns":false,"_monsterinsights_skip_tracking":false,"_monsterinsights_sitenote_active":false,"_monsterinsights_sitenote_note":"","_monsterinsights_sitenote_category":0,"footnotes":""},"categories":[14],"tags":[134],"class_list":["post-5058","post","type-post","status-publish","format-standard","has-post-thumbnail","hentry","category-tenis","tag-dracula-open"],"_links":{"self":[{"href":"https:\/\/fundadeporte.gob.ve\/carabobo\/wp-json\/wp\/v2\/posts\/5058","targetHints":{"allow":["GET"]}}],"collection":[{"href":"https:\/\/fundadeporte.gob.ve\/carabobo\/wp-json\/wp\/v2\/posts"}],"about":[{"href":"https:\/\/fundadeporte.gob.ve\/carabobo\/wp-json\/wp\/v2\/types\/post"}],"author":[{"embeddable":true,"href":"https:\/\/fundadeporte.gob.ve\/carabobo\/wp-json\/wp\/v2\/users\/4"}],"replies":[{"embeddable":true,"href":"https:\/\/fundadeporte.gob.ve\/carabobo\/wp-json\/wp\/v2\/comments?post=5058"}],"version-history":[{"count":2,"href":"https:\/\/fundadeporte.gob.ve\/carabobo\/wp-json\/wp\/v2\/posts\/5058\/revisions"}],"predecessor-version":[{"id":5062,"href":"https:\/\/fundadeporte.gob.ve\/carabobo\/wp-json\/wp\/v2\/posts\/5058\/revisions\/5062"}],"wp:featuredmedia":[{"embeddable":true,"href":"https:\/\/fundadeporte.gob.ve\/carabobo\/wp-json\/wp\/v2\/media\/5061"}],"wp:attachment":[{"href":"https:\/\/fundadeporte.gob.ve\/carabobo\/wp-json\/wp\/v2\/media?parent=5058"}],"wp:term":[{"taxonomy":"category","embeddable":true,"href":"https:\/\/fundadeporte.gob.ve\/carabobo\/wp-json\/wp\/v2\/categories?post=5058"},{"taxonomy":"post_tag","embeddable":true,"href":"https:\/\/fundadeporte.gob.ve\/carabobo\/wp-json\/wp\/v2\/tags?post=5058"}],"curies":[{"name":"wp","href":"https:\/\/api.w.org\/{rel}","templated":true}]}}