{"id":4537,"date":"2023-10-01T20:59:06","date_gmt":"2023-10-02T00:59:06","guid":{"rendered":"https:\/\/fundadeporte.gob.ve\/carabobo\/?p=4537"},"modified":"2023-10-01T21:20:31","modified_gmt":"2023-10-02T01:20:31","slug":"wilmarys-moreno","status":"publish","type":"post","link":"https:\/\/fundadeporte.gob.ve\/carabobo\/wilmarys-moreno\/","title":{"rendered":"La carabobe\u00f1a Wilmarys Moreno se titula Campeona de la Vuelta a Venezuela Femenina 2023"},"content":{"rendered":"<h4>La regional lider\u00f3 la Vuelta a Venezuela desde la segunda etapa disputada en el estado Yaracuy y desde entonces visti\u00f3 el Maillot Amarillo que la identificaba como l\u00edder de la carrera.<\/h4>\n<p>En la tabla general Moreno registr\u00f3 un tiempo de 8:55:04 para coronarse como la reina de la cita pedalista femenino , escoltada por Katiuska Garc\u00eda de Distrito Capital y la carabobe\u00f1a Mar\u00eda Daza. Moreno lider\u00f3 adem\u00e1s la general de Sprint con 30 puntos acumulados dejando sentencia de su poder\u00edo con la m\u00e1quina de dos ruedas.<\/p>\n<figure id=\"attachment_4542\" aria-describedby=\"caption-attachment-4542\" style=\"width: 636px\" class=\"wp-caption aligncenter\"><img loading=\"lazy\" decoding=\"async\" class=\"size-full wp-image-4542\" src=\"https:\/\/fundadeporte.gob.ve\/carabobo\/wp-content\/uploads\/2023\/09\/La-carabobena-Wilmarys-Moreno-1.jpg\" alt=\"ciclismo femenino\" width=\"636\" height=\"415\" srcset=\"https:\/\/fundadeporte.gob.ve\/carabobo\/wp-content\/uploads\/2023\/09\/La-carabobena-Wilmarys-Moreno-1.jpg 636w, https:\/\/fundadeporte.gob.ve\/carabobo\/wp-content\/uploads\/2023\/09\/La-carabobena-Wilmarys-Moreno-1-300x196.jpg 300w\" sizes=\"auto, (max-width: 636px) 100vw, 636px\" \/><figcaption id=\"caption-attachment-4542\" class=\"wp-caption-text\">Wilmarys Moreno lider\u00f3 el circuito de Nirgua<\/figcaption><\/figure>\n<p>La actual campeona de la I Edici\u00f3n de la Vuelta a Venezuela Femenino, Wilmarys Moreno, lider\u00f3 el circuito en Nirgua de la II etapa de la cita nacional\u00a0 en su segunda edici\u00f3n y la hizo acreedora de portar en el circuito de Valencia el Maillot Amarillo que la identifica como l\u00edder del pelot\u00f3n que recorri\u00f3 la Av. Paseo Cabriales de la capital carabobe\u00f1a.<\/p>\n<p>La carabobe\u00f1a, desplazo del liderato a la representante de Trujillo, Andisabel Luque, luego de que fuera descalificada por embalaje irregular en el circuito de Nirgua. La pedalista <span class=\"css-901oao css-16my406 r-poiln3 r-bcqeeo r-qvutc0\">se llev\u00f3 la segunda etapa de la vuelta tras<\/span><span class=\"css-901oao css-16my406 r-poiln3 r-bcqeeo r-qvutc0\"> emplear un tiempo de 2 horas 19 minutos 49 segundos para el recorrido de 78.4 Km de la segunda fracci\u00f3n.<\/span><\/p>\n<p><img loading=\"lazy\" decoding=\"async\" class=\"aligncenter size-full wp-image-4538\" src=\"https:\/\/fundadeporte.gob.ve\/carabobo\/wp-content\/uploads\/2023\/09\/La-carabobena-Wilmarys-Moreno.jpg\" alt=\"ciclismo femenino\" width=\"797\" height=\"540\" srcset=\"https:\/\/fundadeporte.gob.ve\/carabobo\/wp-content\/uploads\/2023\/09\/La-carabobena-Wilmarys-Moreno.jpg 797w, https:\/\/fundadeporte.gob.ve\/carabobo\/wp-content\/uploads\/2023\/09\/La-carabobena-Wilmarys-Moreno-300x203.jpg 300w, https:\/\/fundadeporte.gob.ve\/carabobo\/wp-content\/uploads\/2023\/09\/La-carabobena-Wilmarys-Moreno-768x520.jpg 768w, https:\/\/fundadeporte.gob.ve\/carabobo\/wp-content\/uploads\/2023\/09\/La-carabobena-Wilmarys-Moreno-305x207.jpg 305w, https:\/\/fundadeporte.gob.ve\/carabobo\/wp-content\/uploads\/2023\/09\/La-carabobena-Wilmarys-Moreno-622x420.jpg 622w\" sizes=\"auto, (max-width: 797px) 100vw, 797px\" \/><\/p>\n<p>Moreno quien es la anterior campeona de la Vuelta a Venezuela revalid\u00f3 su t\u00edtulo a\u00fan cuando la competencia fue re\u00f1ida entre el pelot\u00f3n que complet\u00f3 el circuito que se cumpli\u00f3 el domingo 1ero de octubre en la ciudad capital.<\/p>\n","protected":false},"excerpt":{"rendered":"<p>La regional lider\u00f3 la Vuelta a Venezuela desde la segunda etapa disputada en el estado Yaracuy y desde entonces visti\u00f3 el Maillot Amarillo que la identificaba como l\u00edder de la carrera. En la tabla general Moreno registr\u00f3 un tiempo de 8:55:04 para coronarse como la reina de la cita pedalista femenino , escoltada por Katiuska [&hellip;]<\/p>\n","protected":false},"author":4,"featured_media":4550,"comment_status":"open","ping_status":"closed","sticky":false,"template":"","format":"standard","meta":{"om_disable_all_campaigns":false,"_monsterinsights_skip_tracking":false,"_monsterinsights_sitenote_active":false,"_monsterinsights_sitenote_note":"","_monsterinsights_sitenote_category":0,"footnotes":""},"categories":[21],"tags":[154,157],"class_list":["post-4537","post","type-post","status-publish","format-standard","has-post-thumbnail","hentry","category-ciclismo","tag-vuelta-a-venezuela-femenina","tag-wilmarys-moreno"],"_links":{"self":[{"href":"https:\/\/fundadeporte.gob.ve\/carabobo\/wp-json\/wp\/v2\/posts\/4537","targetHints":{"allow":["GET"]}}],"collection":[{"href":"https:\/\/fundadeporte.gob.ve\/carabobo\/wp-json\/wp\/v2\/posts"}],"about":[{"href":"https:\/\/fundadeporte.gob.ve\/carabobo\/wp-json\/wp\/v2\/types\/post"}],"author":[{"embeddable":true,"href":"https:\/\/fundadeporte.gob.ve\/carabobo\/wp-json\/wp\/v2\/users\/4"}],"replies":[{"embeddable":true,"href":"https:\/\/fundadeporte.gob.ve\/carabobo\/wp-json\/wp\/v2\/comments?post=4537"}],"version-history":[{"count":6,"href":"https:\/\/fundadeporte.gob.ve\/carabobo\/wp-json\/wp\/v2\/posts\/4537\/revisions"}],"predecessor-version":[{"id":4551,"href":"https:\/\/fundadeporte.gob.ve\/carabobo\/wp-json\/wp\/v2\/posts\/4537\/revisions\/4551"}],"wp:featuredmedia":[{"embeddable":true,"href":"https:\/\/fundadeporte.gob.ve\/carabobo\/wp-json\/wp\/v2\/media\/4550"}],"wp:attachment":[{"href":"https:\/\/fundadeporte.gob.ve\/carabobo\/wp-json\/wp\/v2\/media?parent=4537"}],"wp:term":[{"taxonomy":"category","embeddable":true,"href":"https:\/\/fundadeporte.gob.ve\/carabobo\/wp-json\/wp\/v2\/categories?post=4537"},{"taxonomy":"post_tag","embeddable":true,"href":"https:\/\/fundadeporte.gob.ve\/carabobo\/wp-json\/wp\/v2\/tags?post=4537"}],"curies":[{"name":"wp","href":"https:\/\/api.w.org\/{rel}","templated":true}]}}