{"id":4305,"date":"2023-09-04T10:29:16","date_gmt":"2023-09-04T14:29:16","guid":{"rendered":"https:\/\/fundadeporte.gob.ve\/carabobo\/?p=4305"},"modified":"2026-04-28T10:22:35","modified_gmt":"2026-04-28T14:22:35","slug":"fundadeporte-capacita-entrenadores","status":"publish","type":"post","link":"https:\/\/fundadeporte.gob.ve\/carabobo\/fundadeporte-capacita-entrenadores\/","title":{"rendered":"Fundadeporte brind\u00f3 capacitaci\u00f3n en Deportes de Combate"},"content":{"rendered":"<div class=\"x11i5rnm xat24cr x1mh8g0r x1vvkbs xtlvy1s x126k92a\">\n<div class=\"x11i5rnm xat24cr x1mh8g0r x1vvkbs xtlvy1s x126k92a\">\n<h4 dir=\"auto\">Con \u00e9xito culmin\u00f3 el curso \u201cMetodolog\u00eda del Entrenamiento para Deportes de Combate\u201d organizado por la Direcci\u00f3n General de Fundaci\u00f3n Carabobe\u00f1a para el Desarrollo del Deporte.<\/h4>\n<\/div>\n<div class=\"x11i5rnm xat24cr x1mh8g0r x1vvkbs xtlvy1s x126k92a\">\n<div dir=\"auto\">En el curso particip\u00f3 un nutrido grupo de entrenadores y atletas que recibieron el certificado suscrito por Fundadeporte de 30 horas acad\u00e9micas.<\/div>\n<\/div>\n<div class=\"x11i5rnm xat24cr x1mh8g0r x1vvkbs xtlvy1s x126k92a\">\n<div dir=\"auto\">La actividad se desarroll\u00f3 desde el viernes 1 al domingo 3 de septiembre en la Villa Ol\u00edmpica y Complejo Bicentenario de Naguanagua y fue dictado por MSC. Rub\u00e9n L\u00f3pez, MSC. Ronald Alvarenga y LCDO. Jos\u00e9 Colmenares.<\/div>\n<div dir=\"auto\"><\/div>\n<div dir=\"auto\"><img loading=\"lazy\" decoding=\"async\" class=\"aligncenter size-full wp-image-4306\" src=\"https:\/\/fundadeporte.gob.ve\/carabobo\/wp-content\/uploads\/2023\/08\/Fundadeporte-capacita-entrenadores-b-scaled.jpg\" alt=\"curso entrenadores\" width=\"2560\" height=\"1866\" srcset=\"https:\/\/fundadeporte.gob.ve\/carabobo\/wp-content\/uploads\/2023\/08\/Fundadeporte-capacita-entrenadores-b-scaled.jpg 2560w, https:\/\/fundadeporte.gob.ve\/carabobo\/wp-content\/uploads\/2023\/08\/Fundadeporte-capacita-entrenadores-b-300x219.jpg 300w, https:\/\/fundadeporte.gob.ve\/carabobo\/wp-content\/uploads\/2023\/08\/Fundadeporte-capacita-entrenadores-b-1024x747.jpg 1024w, https:\/\/fundadeporte.gob.ve\/carabobo\/wp-content\/uploads\/2023\/08\/Fundadeporte-capacita-entrenadores-b-768x560.jpg 768w, https:\/\/fundadeporte.gob.ve\/carabobo\/wp-content\/uploads\/2023\/08\/Fundadeporte-capacita-entrenadores-b-1536x1120.jpg 1536w, https:\/\/fundadeporte.gob.ve\/carabobo\/wp-content\/uploads\/2023\/08\/Fundadeporte-capacita-entrenadores-b-2048x1493.jpg 2048w\" sizes=\"auto, (max-width: 2560px) 100vw, 2560px\" \/><\/div>\n<\/div>\n<\/div>\n","protected":false},"excerpt":{"rendered":"<p>Con \u00e9xito culmin\u00f3 el curso \u201cMetodolog\u00eda del Entrenamiento para Deportes de Combate\u201d organizado por la Direcci\u00f3n General de Fundaci\u00f3n Carabobe\u00f1a para el Desarrollo del Deporte. En el curso particip\u00f3 un nutrido grupo de entrenadores y atletas que recibieron el certificado suscrito por Fundadeporte de 30 horas acad\u00e9micas. La actividad se desarroll\u00f3 desde el viernes 1 [&hellip;]<\/p>\n","protected":false},"author":4,"featured_media":4335,"comment_status":"open","ping_status":"closed","sticky":false,"template":"","format":"standard","meta":{"om_disable_all_campaigns":false,"_monsterinsights_skip_tracking":false,"_monsterinsights_sitenote_active":false,"_monsterinsights_sitenote_note":"","_monsterinsights_sitenote_category":0,"footnotes":""},"categories":[66],"tags":[],"class_list":["post-4305","post","type-post","status-publish","format-standard","has-post-thumbnail","hentry","category-deportes"],"_links":{"self":[{"href":"https:\/\/fundadeporte.gob.ve\/carabobo\/wp-json\/wp\/v2\/posts\/4305","targetHints":{"allow":["GET"]}}],"collection":[{"href":"https:\/\/fundadeporte.gob.ve\/carabobo\/wp-json\/wp\/v2\/posts"}],"about":[{"href":"https:\/\/fundadeporte.gob.ve\/carabobo\/wp-json\/wp\/v2\/types\/post"}],"author":[{"embeddable":true,"href":"https:\/\/fundadeporte.gob.ve\/carabobo\/wp-json\/wp\/v2\/users\/4"}],"replies":[{"embeddable":true,"href":"https:\/\/fundadeporte.gob.ve\/carabobo\/wp-json\/wp\/v2\/comments?post=4305"}],"version-history":[{"count":4,"href":"https:\/\/fundadeporte.gob.ve\/carabobo\/wp-json\/wp\/v2\/posts\/4305\/revisions"}],"predecessor-version":[{"id":4337,"href":"https:\/\/fundadeporte.gob.ve\/carabobo\/wp-json\/wp\/v2\/posts\/4305\/revisions\/4337"}],"wp:featuredmedia":[{"embeddable":true,"href":"https:\/\/fundadeporte.gob.ve\/carabobo\/wp-json\/wp\/v2\/media\/4335"}],"wp:attachment":[{"href":"https:\/\/fundadeporte.gob.ve\/carabobo\/wp-json\/wp\/v2\/media?parent=4305"}],"wp:term":[{"taxonomy":"category","embeddable":true,"href":"https:\/\/fundadeporte.gob.ve\/carabobo\/wp-json\/wp\/v2\/categories?post=4305"},{"taxonomy":"post_tag","embeddable":true,"href":"https:\/\/fundadeporte.gob.ve\/carabobo\/wp-json\/wp\/v2\/tags?post=4305"}],"curies":[{"name":"wp","href":"https:\/\/api.w.org\/{rel}","templated":true}]}}