{"id":4166,"date":"2023-08-13T09:29:44","date_gmt":"2023-08-13T13:29:44","guid":{"rendered":"https:\/\/fundadeporte.gob.ve\/carabobo\/?p=4166"},"modified":"2023-08-13T11:04:27","modified_gmt":"2023-08-13T15:04:27","slug":"campeonato-mini-futsal-y-master","status":"publish","type":"post","link":"https:\/\/fundadeporte.gob.ve\/carabobo\/campeonato-mini-futsal-y-master\/","title":{"rendered":"Colinas FS de Carabobo se titula subcampe\u00f3n del Campeonato Mini Futsal"},"content":{"rendered":"<div class=\"xdj266r x11i5rnm xat24cr x1mh8g0r x1vvkbs x126k92a\">\n<h4 dir=\"auto\"><span style=\"color: #003366;\">El equipo Colinas de Guacamaya FS de Carabobo se titul\u00f3 subcampe\u00f3n del Campeonato Zonal Mini Futsal que se disput\u00f3 hasta este domingo en el Complejo Deportivo Bicentenario de Naguanagua.<\/span><\/h4>\n<p dir=\"auto\">Los regionales cayeron 5 goles por 3 ante la Fuerza Juvenil de Caracas. Ambos equipos ser\u00edan los representantes de la zona central a la Liga Nacional.<\/p>\n<p dir=\"auto\"><img loading=\"lazy\" decoding=\"async\" class=\"aligncenter size-full wp-image-4179\" src=\"https:\/\/fundadeporte.gob.ve\/carabobo\/wp-content\/uploads\/2023\/08\/futsal-carabobo-congresillo.jpg\" alt=\"asocafutsalon\" width=\"1024\" height=\"681\" srcset=\"https:\/\/fundadeporte.gob.ve\/carabobo\/wp-content\/uploads\/2023\/08\/futsal-carabobo-congresillo.jpg 1024w, https:\/\/fundadeporte.gob.ve\/carabobo\/wp-content\/uploads\/2023\/08\/futsal-carabobo-congresillo-300x200.jpg 300w, https:\/\/fundadeporte.gob.ve\/carabobo\/wp-content\/uploads\/2023\/08\/futsal-carabobo-congresillo-768x511.jpg 768w\" sizes=\"auto, (max-width: 1024px) 100vw, 1024px\" \/><\/p>\n<p dir=\"auto\">El congresillo t\u00e9cnico antecedi\u00f3 la jornada de competencias que inici\u00f3 en horas del mediod\u00eda de este jueves 10 y finaliz\u00f3 el s\u00e1bado 12 de agosto. <span style=\"color: #000000;\">La Liga Nacional Conferencia Centro MINI-FUTSAL desarroll\u00f3 el campeonato zonal clasificatorio de F\u00fatbol Sala, conjuntamente con el campeonato master, tambi\u00e9n clasificatorio de FUTSAL en la zona central.<\/span><\/p>\n<\/div>\n","protected":false},"excerpt":{"rendered":"<p>El equipo Colinas de Guacamaya FS de Carabobo se titul\u00f3 subcampe\u00f3n del Campeonato Zonal Mini Futsal que se disput\u00f3 hasta este domingo en el Complejo Deportivo Bicentenario de Naguanagua. Los regionales cayeron 5 goles por 3 ante la Fuerza Juvenil de Caracas. Ambos equipos ser\u00edan los representantes de la zona central a la Liga Nacional. [&hellip;]<\/p>\n","protected":false},"author":4,"featured_media":4177,"comment_status":"open","ping_status":"closed","sticky":false,"template":"","format":"standard","meta":{"om_disable_all_campaigns":false,"_monsterinsights_skip_tracking":false,"footnotes":""},"categories":[66],"tags":[],"class_list":["post-4166","post","type-post","status-publish","format-standard","has-post-thumbnail","hentry","category-deportes"],"_links":{"self":[{"href":"https:\/\/fundadeporte.gob.ve\/carabobo\/wp-json\/wp\/v2\/posts\/4166","targetHints":{"allow":["GET"]}}],"collection":[{"href":"https:\/\/fundadeporte.gob.ve\/carabobo\/wp-json\/wp\/v2\/posts"}],"about":[{"href":"https:\/\/fundadeporte.gob.ve\/carabobo\/wp-json\/wp\/v2\/types\/post"}],"author":[{"embeddable":true,"href":"https:\/\/fundadeporte.gob.ve\/carabobo\/wp-json\/wp\/v2\/users\/4"}],"replies":[{"embeddable":true,"href":"https:\/\/fundadeporte.gob.ve\/carabobo\/wp-json\/wp\/v2\/comments?post=4166"}],"version-history":[{"count":7,"href":"https:\/\/fundadeporte.gob.ve\/carabobo\/wp-json\/wp\/v2\/posts\/4166\/revisions"}],"predecessor-version":[{"id":4181,"href":"https:\/\/fundadeporte.gob.ve\/carabobo\/wp-json\/wp\/v2\/posts\/4166\/revisions\/4181"}],"wp:featuredmedia":[{"embeddable":true,"href":"https:\/\/fundadeporte.gob.ve\/carabobo\/wp-json\/wp\/v2\/media\/4177"}],"wp:attachment":[{"href":"https:\/\/fundadeporte.gob.ve\/carabobo\/wp-json\/wp\/v2\/media?parent=4166"}],"wp:term":[{"taxonomy":"category","embeddable":true,"href":"https:\/\/fundadeporte.gob.ve\/carabobo\/wp-json\/wp\/v2\/categories?post=4166"},{"taxonomy":"post_tag","embeddable":true,"href":"https:\/\/fundadeporte.gob.ve\/carabobo\/wp-json\/wp\/v2\/tags?post=4166"}],"curies":[{"name":"wp","href":"https:\/\/api.w.org\/{rel}","templated":true}]}}