{"id":4080,"date":"2023-07-31T09:50:43","date_gmt":"2023-07-31T13:50:43","guid":{"rendered":"https:\/\/fundadeporte.gob.ve\/carabobo\/?p=4080"},"modified":"2023-07-31T09:50:43","modified_gmt":"2023-07-31T13:50:43","slug":"fundadeporte-honro-atletas-carabobenos","status":"publish","type":"post","link":"https:\/\/fundadeporte.gob.ve\/carabobo\/fundadeporte-honro-atletas-carabobenos\/","title":{"rendered":"Fundadeporte honr\u00f3 el m\u00e9rito deportivo de atletas y entrenadores carabobe\u00f1os"},"content":{"rendered":"<h4><span style=\"color: #003366;\">El auditorio de la Villa Ol\u00edmpica de Naguanagua se visti\u00f3 de gala para honrar a 22 atletas carabobe\u00f1os que participaron en la XXIV edici\u00f3n de los Juegos Deportivos Centroamericanos y del Caribe San Salvador 2023, cuya destacada actuaci\u00f3n y logros enaltecen el orgullo deportivo carabobe\u00f1o y venezolano.<\/span><\/h4>\n<p>En el acto de Reconocimiento en Honor al M\u00e9rito Deportivo, realizado por iniciativa del gobernador de Carabobo, Rafael Lacava y del presidente de Fundadeporte, Jhonny Del Corral, tambi\u00e9n fue honrada la labor que cumplen 98 entrenadores de alto rendimiento, masificaci\u00f3n y desarrollo deportivo, deporte ol\u00edmpico y paral\u00edmpico, quienes forman parte del cuerpo t\u00e9cnico del ente deportivo carabobe\u00f1o.<\/p>\n<p><img loading=\"lazy\" decoding=\"async\" class=\"aligncenter size-full wp-image-4084\" src=\"https:\/\/fundadeporte.gob.ve\/carabobo\/wp-content\/uploads\/2023\/07\/Jhonny-Del-Corral.jpg\" alt=\"jhonny del corral\" width=\"1080\" height=\"576\" srcset=\"https:\/\/fundadeporte.gob.ve\/carabobo\/wp-content\/uploads\/2023\/07\/Jhonny-Del-Corral.jpg 1080w, https:\/\/fundadeporte.gob.ve\/carabobo\/wp-content\/uploads\/2023\/07\/Jhonny-Del-Corral-300x160.jpg 300w, https:\/\/fundadeporte.gob.ve\/carabobo\/wp-content\/uploads\/2023\/07\/Jhonny-Del-Corral-1024x546.jpg 1024w, https:\/\/fundadeporte.gob.ve\/carabobo\/wp-content\/uploads\/2023\/07\/Jhonny-Del-Corral-768x410.jpg 768w\" sizes=\"auto, (max-width: 1080px) 100vw, 1080px\" \/><\/p>\n<p>Los diplomas y estatuillas de reconocimiento al m\u00e9rito deportivo fueron entregados por un pres\u00eddium conformado por el presidente de Fundadeporte, Jhonny Del Corral; su director ejecutivo, Dr. H\u00e9ctor Rodr\u00edguez; el director general de deportes, Rub\u00e9n L\u00f3pez; el director de alto rendimiento, Ronald Alvarenga; la directora de deportes para personas con discapacidad, Emily De Mendonca y el director de masificaci\u00f3n, Oscar Suarez.<\/p>\n<p>Ante el nutrido p\u00fablico que ocup\u00f3 los espacios del Auditorio de la Villa Ol\u00edmpica, Jhonny Del Corral se refiri\u00f3 a este recinto como el lugar de donde salen cada triunfo y cada alegr\u00eda deportiva del estado, porque en ella est\u00e1 impresa la historia de cada uno de los atletas y entrenadores a quienes en este acto se reconoci\u00f3 su m\u00e9rito, \u201cporque todos ustedes han dejado en alto el nombre de Carabobo\u201d.<\/p>\n<p><img loading=\"lazy\" decoding=\"async\" class=\"aligncenter size-full wp-image-4089\" src=\"https:\/\/fundadeporte.gob.ve\/carabobo\/wp-content\/uploads\/2023\/07\/entrenadores.jpg\" alt=\"entrenadores fundadeporte\" width=\"800\" height=\"533\" srcset=\"https:\/\/fundadeporte.gob.ve\/carabobo\/wp-content\/uploads\/2023\/07\/entrenadores.jpg 800w, https:\/\/fundadeporte.gob.ve\/carabobo\/wp-content\/uploads\/2023\/07\/entrenadores-300x200.jpg 300w, https:\/\/fundadeporte.gob.ve\/carabobo\/wp-content\/uploads\/2023\/07\/entrenadores-768x512.jpg 768w\" sizes=\"auto, (max-width: 800px) 100vw, 800px\" \/><\/p>\n<p>\u201cEl prop\u00f3sito (del acto) es reconocer el trabajo y los sacrificios que todos han realizado, y realizan, en pro del deporte en esta entidad y por el pa\u00eds. El nombre de Fundadeporte se engrandece con el trabajo de todos ustedes\u201d, manifest\u00f3 Del Corral, quien agreg\u00f3 que gracias al apoyo del gobernador Lacava se han recuperado varios espacios deportivos de la entidad para beneficio de los atletas, \u201cy esa es una tarea que contin\u00faa\u201d.<\/p>\n<p>Por su parte, el director general de deportes de Fundadeporte, Rub\u00e9n L\u00f3pez, destac\u00f3 la presencia de los atletas carabobe\u00f1os en el \u00e1mbito nacional e internacional. \u201cHay que destacar que fueron 50 los atletas carabobe\u00f1os los que nos representaron en los Juegos Centroamericanos y del Caribe, lo que signific\u00f3 un 10% de la plantilla de Venezuela, y con ellos logramos el 17% de las medallas que obtuvo el pa\u00eds\u201d.<\/p>\n<p>Enfatiz\u00f3 que en el acto de reconocimiento se encontraba los m\u00e1s granado del deporte venezolano que se prepara para su participaci\u00f3n en los Juegos Panamericanos, para lo que ya Carabobo tiene 23 atletas clasificados.<\/p>\n<p><img loading=\"lazy\" decoding=\"async\" class=\"aligncenter size-full wp-image-4081\" src=\"https:\/\/fundadeporte.gob.ve\/carabobo\/wp-content\/uploads\/2023\/07\/Angie-Gonzalez-e1690809726356.jpg\" alt=\"Angie Gonzalez\" width=\"1080\" height=\"840\" srcset=\"https:\/\/fundadeporte.gob.ve\/carabobo\/wp-content\/uploads\/2023\/07\/Angie-Gonzalez-e1690809726356.jpg 1080w, https:\/\/fundadeporte.gob.ve\/carabobo\/wp-content\/uploads\/2023\/07\/Angie-Gonzalez-e1690809726356-300x233.jpg 300w, https:\/\/fundadeporte.gob.ve\/carabobo\/wp-content\/uploads\/2023\/07\/Angie-Gonzalez-e1690809726356-1024x796.jpg 1024w, https:\/\/fundadeporte.gob.ve\/carabobo\/wp-content\/uploads\/2023\/07\/Angie-Gonzalez-e1690809726356-768x597.jpg 768w\" sizes=\"auto, (max-width: 1080px) 100vw, 1080px\" \/><\/p>\n<p>La atleta de ciclismo <strong>Angie Gonz\u00e1lez<\/strong>, medalla de bronce en los Juegos Deportivos Centroamericanos y del Caribe ofreci\u00f3 las palabras de agradecimiento en nombre de sus compa\u00f1eros atletas, mientras que Alejandro Berm\u00fadez, entrenador de atletismo de alto rendimiento, tom\u00f3 la palabra en nombre de sus colegas para manifestar palabras de gratitud para con el Gobernador y Fundadeporte.<\/p>\n<h4><strong>Agradecimiento de los atletas honrados<\/strong><\/h4>\n<p><img loading=\"lazy\" decoding=\"async\" class=\"aligncenter size-full wp-image-4086\" src=\"https:\/\/fundadeporte.gob.ve\/carabobo\/wp-content\/uploads\/2023\/07\/Rafael-Abdul.jpg\" alt=\"Rafael Abdul, atleta de tenis de campo\" width=\"1080\" height=\"616\" srcset=\"https:\/\/fundadeporte.gob.ve\/carabobo\/wp-content\/uploads\/2023\/07\/Rafael-Abdul.jpg 1080w, https:\/\/fundadeporte.gob.ve\/carabobo\/wp-content\/uploads\/2023\/07\/Rafael-Abdul-300x171.jpg 300w, https:\/\/fundadeporte.gob.ve\/carabobo\/wp-content\/uploads\/2023\/07\/Rafael-Abdul-1024x584.jpg 1024w, https:\/\/fundadeporte.gob.ve\/carabobo\/wp-content\/uploads\/2023\/07\/Rafael-Abdul-768x438.jpg 768w\" sizes=\"auto, (max-width: 1080px) 100vw, 1080px\" \/><\/p>\n<p><strong>Rafael Abdul<\/strong>, atleta de tenis de campo, agradeci\u00f3 por ser uno de los protagonistas del evento y por la iniciativa del gobernador Lacava y del Presidente de Fundadeporte. \u201cEs una experiencia muy bonita dentro de mi estado, poder compartir este momento con mis compa\u00f1eros atletas de otras disciplinas. Seguir\u00e9 trabajando por lograr mis metas, por el estado y por el pa\u00eds\u201d.<\/p>\n<p><img loading=\"lazy\" decoding=\"async\" class=\"aligncenter size-full wp-image-4087\" src=\"https:\/\/fundadeporte.gob.ve\/carabobo\/wp-content\/uploads\/2023\/07\/Jhohan-Sanguino.jpg\" alt=\"Jhohan Sanguino\" width=\"1080\" height=\"693\" srcset=\"https:\/\/fundadeporte.gob.ve\/carabobo\/wp-content\/uploads\/2023\/07\/Jhohan-Sanguino.jpg 1080w, https:\/\/fundadeporte.gob.ve\/carabobo\/wp-content\/uploads\/2023\/07\/Jhohan-Sanguino-300x193.jpg 300w, https:\/\/fundadeporte.gob.ve\/carabobo\/wp-content\/uploads\/2023\/07\/Jhohan-Sanguino-1024x657.jpg 1024w, https:\/\/fundadeporte.gob.ve\/carabobo\/wp-content\/uploads\/2023\/07\/Jhohan-Sanguino-768x493.jpg 768w\" sizes=\"auto, (max-width: 1080px) 100vw, 1080px\" \/><\/p>\n<p><strong>Jhohan Sanguino<\/strong>, atleta de levantamiento de pesas, tuvo palabras de gratitud por el reconocimiento a su labor y por la iniciativa de Fundadeporte y el Gobernador de apoyar el deporte y \u201cesta nueva ruta de los atletas carabobe\u00f1os rumbo a los juegos ol\u00edmpicos; vamos a seguir avanzando, luchando y dando lo mejor de nosotros para lograr los objetivos\u201d.<\/p>\n<p><img loading=\"lazy\" decoding=\"async\" class=\"aligncenter size-full wp-image-4082\" src=\"https:\/\/fundadeporte.gob.ve\/carabobo\/wp-content\/uploads\/2023\/07\/Genesis-Rodriguez.jpg\" alt=\"genesis rodriguez\" width=\"772\" height=\"449\" srcset=\"https:\/\/fundadeporte.gob.ve\/carabobo\/wp-content\/uploads\/2023\/07\/Genesis-Rodriguez.jpg 772w, https:\/\/fundadeporte.gob.ve\/carabobo\/wp-content\/uploads\/2023\/07\/Genesis-Rodriguez-300x174.jpg 300w, https:\/\/fundadeporte.gob.ve\/carabobo\/wp-content\/uploads\/2023\/07\/Genesis-Rodriguez-768x447.jpg 768w\" sizes=\"auto, (max-width: 772px) 100vw, 772px\" \/><\/p>\n<p><strong>G\u00e9nesis Rodr\u00edguez<\/strong>, atleta de levantamiento de pesas, manifest\u00f3 que los reconocimientos conferidos se traducen en una motivaci\u00f3n para todos los atletas carabobe\u00f1os. \u201cAgradecida con el Gobernador Lacava y con el Presidente de Fundadeporte por esta distinci\u00f3n\u201d.<\/p>\n<p><strong>Jos\u00e9 D\u00edaz<\/strong>, atleta de lucha, expres\u00f3 su felicidad y emoci\u00f3n por recibir un reconocimiento en el auditorio de la Villa Ol\u00edmpica de Naguanagua, recinto al que no asist\u00eda desde hace 10 a\u00f1os. \u201cEs un reconocimiento al trabajo que durante tanto tiempo hemos hecho y que ha brindado tantas alegr\u00edas al pueblo de Carabobo, y demuestra que est\u00e1n comprometidos con nosotros y que las cosas van a mejorar\u201d, acot\u00f3.<\/p>\n<p><iframe loading=\"lazy\" title=\"Fundadeporte honr\u00f3 el m\u00e9rito deportivo de atletas y entrenadores carabobe\u00f1os\" width=\"640\" height=\"480\" src=\"https:\/\/www.youtube.com\/embed\/UpH-4kmuhgo?feature=oembed\" frameborder=\"0\" allow=\"accelerometer; autoplay; clipboard-write; encrypted-media; gyroscope; picture-in-picture; web-share\" referrerpolicy=\"strict-origin-when-cross-origin\" allowfullscreen><\/iframe><\/p>\n","protected":false},"excerpt":{"rendered":"<p>El auditorio de la Villa Ol\u00edmpica de Naguanagua se visti\u00f3 de gala para honrar a 22 atletas carabobe\u00f1os que participaron en la XXIV edici\u00f3n de los Juegos Deportivos Centroamericanos y del Caribe San Salvador 2023, cuya destacada actuaci\u00f3n y logros enaltecen el orgullo deportivo carabobe\u00f1o y venezolano. En el acto de Reconocimiento en Honor al [&hellip;]<\/p>\n","protected":false},"author":4,"featured_media":4088,"comment_status":"open","ping_status":"closed","sticky":false,"template":"","format":"standard","meta":{"om_disable_all_campaigns":false,"_monsterinsights_skip_tracking":false,"_monsterinsights_sitenote_active":false,"_monsterinsights_sitenote_note":"","_monsterinsights_sitenote_category":0,"footnotes":""},"categories":[3],"tags":[56,51,138,180,13],"class_list":["post-4080","post","type-post","status-publish","format-standard","has-post-thumbnail","hentry","category-internacionales","tag-angie-gonzalez","tag-genesis-rodriguez","tag-jhohan-sanguino","tag-rafael-abdul-salam","tag-villa-olimpica-de-naguanagua"],"_links":{"self":[{"href":"https:\/\/fundadeporte.gob.ve\/carabobo\/wp-json\/wp\/v2\/posts\/4080","targetHints":{"allow":["GET"]}}],"collection":[{"href":"https:\/\/fundadeporte.gob.ve\/carabobo\/wp-json\/wp\/v2\/posts"}],"about":[{"href":"https:\/\/fundadeporte.gob.ve\/carabobo\/wp-json\/wp\/v2\/types\/post"}],"author":[{"embeddable":true,"href":"https:\/\/fundadeporte.gob.ve\/carabobo\/wp-json\/wp\/v2\/users\/4"}],"replies":[{"embeddable":true,"href":"https:\/\/fundadeporte.gob.ve\/carabobo\/wp-json\/wp\/v2\/comments?post=4080"}],"version-history":[{"count":4,"href":"https:\/\/fundadeporte.gob.ve\/carabobo\/wp-json\/wp\/v2\/posts\/4080\/revisions"}],"predecessor-version":[{"id":4091,"href":"https:\/\/fundadeporte.gob.ve\/carabobo\/wp-json\/wp\/v2\/posts\/4080\/revisions\/4091"}],"wp:featuredmedia":[{"embeddable":true,"href":"https:\/\/fundadeporte.gob.ve\/carabobo\/wp-json\/wp\/v2\/media\/4088"}],"wp:attachment":[{"href":"https:\/\/fundadeporte.gob.ve\/carabobo\/wp-json\/wp\/v2\/media?parent=4080"}],"wp:term":[{"taxonomy":"category","embeddable":true,"href":"https:\/\/fundadeporte.gob.ve\/carabobo\/wp-json\/wp\/v2\/categories?post=4080"},{"taxonomy":"post_tag","embeddable":true,"href":"https:\/\/fundadeporte.gob.ve\/carabobo\/wp-json\/wp\/v2\/tags?post=4080"}],"curies":[{"name":"wp","href":"https:\/\/api.w.org\/{rel}","templated":true}]}}