{"id":4070,"date":"2023-07-30T12:59:13","date_gmt":"2023-07-30T16:59:13","guid":{"rendered":"https:\/\/fundadeporte.gob.ve\/carabobo\/?p=4070"},"modified":"2023-07-30T13:15:44","modified_gmt":"2023-07-30T17:15:44","slug":"grabiel-lugo-campeonato-mundial-de-esgrima","status":"publish","type":"post","link":"https:\/\/fundadeporte.gob.ve\/carabobo\/grabiel-lugo-campeonato-mundial-de-esgrima\/","title":{"rendered":"Carabobe\u00f1o Grabiel Lugo conquista Bronce en Campeonato Mundial de Esgrima"},"content":{"rendered":"<h4><span style=\"color: #003366;\">Es la primera vez en la historia que un equipo venezolano alcanza el podio en este tipo de eventos tras vencer a Corea del Sur.<\/span><\/h4>\n<p>El equipo de espada masculino de Venezuela, al que pertenece el atleta carabobe\u00f1o <strong>Grabiel Lugo<\/strong>, gan\u00f3 medalla de bronce en el Campeonato Mundial de Esgrima que se celebra en Mil\u00e1n, Italia. La haza\u00f1a deportiva que por primera vez es alcanzada por una selecci\u00f3n venezolana, fue conquistada por la delegaci\u00f3n criolla tras vencer al equipo de Corea del Sur en el combate por el tercer lugar con marcado 45-44 este s\u00e1bado 29 de julio.<\/p>\n<p>El equipo conformado por Grabiel Lugo y los hermanos Jes\u00fas, Francisco y Rub\u00e9n Limardo, se colocaron en lo alto del podio donde recibieron las preseas por su destacada actuaci\u00f3n en el pa\u00eds europeo. Venezuela venci\u00f3 con solvencia su primer duelo ante Dinamarca (45-29) y supo sufrir en la siguiente ronda ante Espa\u00f1a (44-43), pero la primera gran sorpresa lleg\u00f3 en la tabla de 8, donde derrot\u00f3 a la actual campeona de Europa, Hungr\u00eda (21-20).<\/p>\n<figure id=\"attachment_4075\" aria-describedby=\"caption-attachment-4075\" style=\"width: 1081px\" class=\"wp-caption aligncenter\"><img loading=\"lazy\" decoding=\"async\" class=\"wp-image-4075 size-full\" src=\"https:\/\/fundadeporte.gob.ve\/carabobo\/wp-content\/uploads\/2023\/07\/F2OR1LvXYAAK6G1-scaled-e1690736207624.jpg\" alt=\"Campeonato Mundial de Esgrima Podium general\" width=\"1081\" height=\"504\" srcset=\"https:\/\/fundadeporte.gob.ve\/carabobo\/wp-content\/uploads\/2023\/07\/F2OR1LvXYAAK6G1-scaled-e1690736207624.jpg 1081w, https:\/\/fundadeporte.gob.ve\/carabobo\/wp-content\/uploads\/2023\/07\/F2OR1LvXYAAK6G1-scaled-e1690736207624-300x140.jpg 300w, https:\/\/fundadeporte.gob.ve\/carabobo\/wp-content\/uploads\/2023\/07\/F2OR1LvXYAAK6G1-scaled-e1690736207624-1024x477.jpg 1024w, https:\/\/fundadeporte.gob.ve\/carabobo\/wp-content\/uploads\/2023\/07\/F2OR1LvXYAAK6G1-scaled-e1690736207624-768x358.jpg 768w\" sizes=\"auto, (max-width: 1081px) 100vw, 1081px\" \/><figcaption id=\"caption-attachment-4075\" class=\"wp-caption-text\">El equipo de Venezuela haciendo historia junto a Italia y Francia<\/figcaption><\/figure>\n<p>Con este resultado el equipo de Venezuela logra figurar por primera vez en su historia, escoltando a Italia y France con medalla de Oro y Plata respectivamente. El cuarteto criollo fue campe\u00f3n panamericano el pasado mes de junio, <span class=\"css-901oao css-16my406 r-poiln3 r-bcqeeo r-qvutc0\">Oro en los Juegos Bolivarianos 2022, <\/span><span class=\"css-901oao css-16my406 r-poiln3 r-bcqeeo r-qvutc0\">Bronce en los Juegos Suramericanos Asunci\u00f3n 2022, <\/span><span class=\"css-901oao css-16my406 r-poiln3 r-bcqeeo r-qvutc0\">Oro en los Juegos <\/span><span class=\"r-18u37iz\"><span class=\"css-901oao css-16my406 r-poiln3 r-bcqeeo r-qvutc0\" dir=\"ltr\">Centroamericanos y del Caribe<\/span><\/span><span class=\"css-901oao css-16my406 r-poiln3 r-bcqeeo r-qvutc0\"> 2023 y <\/span><span class=\"css-901oao css-16my406 r-poiln3 r-bcqeeo r-qvutc0\">Plata en la Copa del Mundo Buenos Aires 2023 <\/span>adem\u00e1s de ascender al puesto 16 en la tabla de la Copa del Mundo de Estambul, lo que aumenta sus opciones de clasificar a los Juegos Ol\u00edmpicos de Par\u00eds 2024.<\/p>\n<p>Venezuela ocupa ahora el quinto puesto en espada masculina con 260 puntos, y muy cerca de Rep\u00fablica de Corea (266).\u00a0 La siguiente cita importante son los\u00a0Juegos Panamericanos de Santiago 2023, donde intentar\u00e1 mejorar el bronce logrado en la \u00faltima edici\u00f3n.<\/p>\n","protected":false},"excerpt":{"rendered":"<p>Es la primera vez en la historia que un equipo venezolano alcanza el podio en este tipo de eventos tras vencer a Corea del Sur. El equipo de espada masculino de Venezuela, al que pertenece el atleta carabobe\u00f1o Grabiel Lugo, gan\u00f3 medalla de bronce en el Campeonato Mundial de Esgrima que se celebra en Mil\u00e1n, [&hellip;]<\/p>\n","protected":false},"author":4,"featured_media":4074,"comment_status":"open","ping_status":"closed","sticky":false,"template":"","format":"standard","meta":{"om_disable_all_campaigns":false,"_monsterinsights_skip_tracking":false,"_monsterinsights_sitenote_active":false,"_monsterinsights_sitenote_note":"","_monsterinsights_sitenote_category":0,"footnotes":""},"categories":[16],"tags":[259,80],"class_list":["post-4070","post","type-post","status-publish","format-standard","has-post-thumbnail","hentry","category-esgrima","tag-campeonato-mundial-de-esgrima","tag-grabiel-lugo"],"_links":{"self":[{"href":"https:\/\/fundadeporte.gob.ve\/carabobo\/wp-json\/wp\/v2\/posts\/4070","targetHints":{"allow":["GET"]}}],"collection":[{"href":"https:\/\/fundadeporte.gob.ve\/carabobo\/wp-json\/wp\/v2\/posts"}],"about":[{"href":"https:\/\/fundadeporte.gob.ve\/carabobo\/wp-json\/wp\/v2\/types\/post"}],"author":[{"embeddable":true,"href":"https:\/\/fundadeporte.gob.ve\/carabobo\/wp-json\/wp\/v2\/users\/4"}],"replies":[{"embeddable":true,"href":"https:\/\/fundadeporte.gob.ve\/carabobo\/wp-json\/wp\/v2\/comments?post=4070"}],"version-history":[{"count":6,"href":"https:\/\/fundadeporte.gob.ve\/carabobo\/wp-json\/wp\/v2\/posts\/4070\/revisions"}],"predecessor-version":[{"id":4079,"href":"https:\/\/fundadeporte.gob.ve\/carabobo\/wp-json\/wp\/v2\/posts\/4070\/revisions\/4079"}],"wp:featuredmedia":[{"embeddable":true,"href":"https:\/\/fundadeporte.gob.ve\/carabobo\/wp-json\/wp\/v2\/media\/4074"}],"wp:attachment":[{"href":"https:\/\/fundadeporte.gob.ve\/carabobo\/wp-json\/wp\/v2\/media?parent=4070"}],"wp:term":[{"taxonomy":"category","embeddable":true,"href":"https:\/\/fundadeporte.gob.ve\/carabobo\/wp-json\/wp\/v2\/categories?post=4070"},{"taxonomy":"post_tag","embeddable":true,"href":"https:\/\/fundadeporte.gob.ve\/carabobo\/wp-json\/wp\/v2\/tags?post=4070"}],"curies":[{"name":"wp","href":"https:\/\/api.w.org\/{rel}","templated":true}]}}