{"id":4064,"date":"2023-07-30T12:28:40","date_gmt":"2023-07-30T16:28:40","guid":{"rendered":"https:\/\/fundadeporte.gob.ve\/carabobo\/?p=4064"},"modified":"2023-07-30T12:29:28","modified_gmt":"2023-07-30T16:29:28","slug":"primer-congreso-internacional-de-alto-rendimiento","status":"publish","type":"post","link":"https:\/\/fundadeporte.gob.ve\/carabobo\/primer-congreso-internacional-de-alto-rendimiento\/","title":{"rendered":"Carabobo realiza el Primer Congreso Internacional de Alto Rendimiento"},"content":{"rendered":"<h4><span style=\"color: #003366;\">Con el prop\u00f3sito de preparar y desarrollar a las nuevas generaciones en las disciplinas de Tenis, Beach Tenis, Padel y Golf, este fin de semana se llev\u00f3 a cabo la primera edici\u00f3n del CIAR, gracias a la alianza estrat\u00e9gica entre la empresa privada y Fundadeporte.<\/span><\/h4>\n<p>El acto de inauguraci\u00f3n se llev\u00f3 a cabo por el coordinador general del evento, Frank Wadskier, quien estuvo rodeado de las principales personalidades del deporte local y nacional como los son, el tenista n\u00famero uno de Venezuela, Ricardo Rodr\u00edguez;\u00a0Iosune Roncal, campeona panamericana;\u00a0Jhonny Del Corral, presidente de Fundadeporte y Otto Sarquis, figura del tenis nacional.<\/p>\n<div>\u00a0Jhonny Del Corral destac\u00f3 la gran importancia en este tipo de evento para el crecimiento del deporte regional y nacional: \u201cTenemos que seguir apostando por el talento nuestro, me contenta este primer congreso para que absolutamente todos sigamos aprendiendo y aportando un granito a la masificaci\u00f3n deportiva\u00a0en el pa\u00eds\u201d, expres\u00f3 Del Corral para los medios locales presentes.<\/div>\n<div><\/div>\n<div>\n<div>Juan Carlos Caram\u00e9s Paz inici\u00f3\u00a0las ponencias con el tema, \u201cLa mentalidad en el deporte\u201d; seguidamente V\u00edctor Gonz\u00e1lez regal\u00f3 sus conocimientos en la \u201cPrevenci\u00f3n de lesiones en el deporte\u201d.\u00a0Valentina Villegas Spizuoco, habl\u00f3 a los presentes sobre el \u201cMarkerting en el deporte: el nacimiento de C4BT\u201d; luego,\u00a0Juan Diego Quintero Colina, con \u201cTest gen\u00e9tico nutricional: la herramienta esencial del deportista de alta competencia\u201d adem\u00e1s, Leopoldo Herrera\u00a0y\u00a0Rafa Machado, destacaron cada peque\u00f1o detalle en el mundo del golf.<\/div>\n<div><\/div>\n<div>La primera edici\u00f3n del Congreso Internacional de Alto Rendimiento (CIAR) se realiz\u00f3 en las instalaciones del Hotel Executive Suites, desde el 28 al 31 de julio, as\u00ed como tambi\u00e9n distintas actividades en clubes como el H\u00edpico, el Cubano y el Guataparo Country.<\/div>\n<\/div>\n","protected":false},"excerpt":{"rendered":"<p>Con el prop\u00f3sito de preparar y desarrollar a las nuevas generaciones en las disciplinas de Tenis, Beach Tenis, Padel y Golf, este fin de semana se llev\u00f3 a cabo la primera edici\u00f3n del CIAR, gracias a la alianza estrat\u00e9gica entre la empresa privada y Fundadeporte. El acto de inauguraci\u00f3n se llev\u00f3 a cabo por el [&hellip;]<\/p>\n","protected":false},"author":4,"featured_media":4067,"comment_status":"open","ping_status":"closed","sticky":false,"template":"","format":"standard","meta":{"om_disable_all_campaigns":false,"_monsterinsights_skip_tracking":false,"_monsterinsights_sitenote_active":false,"_monsterinsights_sitenote_note":"","_monsterinsights_sitenote_category":0,"footnotes":""},"categories":[3],"tags":[264,118],"class_list":["post-4064","post","type-post","status-publish","format-standard","has-post-thumbnail","hentry","category-internacionales","tag-congreso-internacional-de-alto-rendimiento","tag-jhonny-del-corral"],"_links":{"self":[{"href":"https:\/\/fundadeporte.gob.ve\/carabobo\/wp-json\/wp\/v2\/posts\/4064","targetHints":{"allow":["GET"]}}],"collection":[{"href":"https:\/\/fundadeporte.gob.ve\/carabobo\/wp-json\/wp\/v2\/posts"}],"about":[{"href":"https:\/\/fundadeporte.gob.ve\/carabobo\/wp-json\/wp\/v2\/types\/post"}],"author":[{"embeddable":true,"href":"https:\/\/fundadeporte.gob.ve\/carabobo\/wp-json\/wp\/v2\/users\/4"}],"replies":[{"embeddable":true,"href":"https:\/\/fundadeporte.gob.ve\/carabobo\/wp-json\/wp\/v2\/comments?post=4064"}],"version-history":[{"count":3,"href":"https:\/\/fundadeporte.gob.ve\/carabobo\/wp-json\/wp\/v2\/posts\/4064\/revisions"}],"predecessor-version":[{"id":4068,"href":"https:\/\/fundadeporte.gob.ve\/carabobo\/wp-json\/wp\/v2\/posts\/4064\/revisions\/4068"}],"wp:featuredmedia":[{"embeddable":true,"href":"https:\/\/fundadeporte.gob.ve\/carabobo\/wp-json\/wp\/v2\/media\/4067"}],"wp:attachment":[{"href":"https:\/\/fundadeporte.gob.ve\/carabobo\/wp-json\/wp\/v2\/media?parent=4064"}],"wp:term":[{"taxonomy":"category","embeddable":true,"href":"https:\/\/fundadeporte.gob.ve\/carabobo\/wp-json\/wp\/v2\/categories?post=4064"},{"taxonomy":"post_tag","embeddable":true,"href":"https:\/\/fundadeporte.gob.ve\/carabobo\/wp-json\/wp\/v2\/tags?post=4064"}],"curies":[{"name":"wp","href":"https:\/\/api.w.org\/{rel}","templated":true}]}}