{"id":3677,"date":"2023-05-24T09:55:38","date_gmt":"2023-05-24T13:55:38","guid":{"rendered":"https:\/\/fundadeporte.gob.ve\/carabobo\/?p=3677"},"modified":"2023-05-24T09:55:38","modified_gmt":"2023-05-24T13:55:38","slug":"francys-sandoval","status":"publish","type":"post","link":"https:\/\/fundadeporte.gob.ve\/carabobo\/francys-sandoval\/","title":{"rendered":"La carabobe\u00f1a Francys Sandoval se destaca en el Premundial de B\u00e9isbol U12"},"content":{"rendered":"<h4><span style=\"color: #003366;\">Nuestra deportista regional es la lanzadora del equipo y \u00fanica representante femenina en el equipo nacional que recientemente derrot\u00f3 12-10 al conjunto de Rep\u00fablica Dominicana.<\/span><\/h4>\n<p>El escenario de este gran encuentro fue el CECADI en Aguascalientes, M\u00e9xico en donde luego de esta gran victoria la destacada atleta declar\u00f3: \u00bb Gracias a mi manager por la oportunidad que me dio, yo la aproveche y pude sacar este juego&#8230; hay que ganar para clasificar para el mundial&#8230; a todas las ni\u00f1as que han jugado b\u00e9isbol aprovechen la oportunidad y vamos que si se puede\u00bb.<\/p>\n<p>Adem\u00e1s de sus declaraciones, muchos seguidores de las redes sociales del deporte dejaron a su favor grandes comentarios:<br \/>\n\u00abFrancys excelente trabajo&#8230;\u00bb, \u00bb Francys va a llegar lejos\u00bb,\u00a0 \u00abLa reina de ese equipo!!!\u00bb ,\u00bbFelicidades a todo el equipo y es especial a Francys, que tenacidad y tranquilidad para hacer su trabajo, Dios los bendiga a todos\u00bb, \u00abUna mec\u00e1nica impresionante.\u00bb, \u00abToda una campeona , princesa del b\u00e9isbol venezolano\u00bb, adem\u00e1s de otros comentarios a favor del equipo expresados en la red del Team B\u00e9isbol Venezuela.<\/p>\n<div class=\"x1qjc9v5 x6umtig x1b1mbwd xaqea5y xav7gou x9f619 x78zum5 xdt5ytf x2lah0s xk390pu xdj266r x11i5rnm xat24cr x1mh8g0r xexx8yu x4uap5 x18d9i69 xkhd6sd x1n2onr6 xggy1nq x11njtxf\" tabindex=\"0\" role=\"button\">\n<div class=\"\">\n<div class=\"_a9zh\"><\/div>\n<\/div>\n<\/div>\n<blockquote class=\"instagram-media\" style=\"background: #FFF; border: 0; border-radius: 3px; box-shadow: 0 0 1px 0 rgba(0,0,0,0.5),0 1px 10px 0 rgba(0,0,0,0.15); margin: 1px; max-width: 540px; min-width: 326px; padding: 0; width: calc(100% - 2px);\" data-instgrm-permalink=\"https:\/\/www.instagram.com\/reel\/CsmSAh8taAA\/?utm_source=ig_embed&amp;utm_campaign=loading\" data-instgrm-version=\"14\">\n<div style=\"padding: 16px;\">\n<p>&nbsp;<\/p>\n<div style=\"display: flex; flex-direction: row; align-items: center;\">\n<div style=\"background-color: #f4f4f4; border-radius: 50%; flex-grow: 0; height: 40px; margin-right: 14px; width: 40px;\"><\/div>\n<div style=\"display: flex; flex-direction: column; flex-grow: 1; justify-content: center;\">\n<div style=\"background-color: #f4f4f4; border-radius: 4px; flex-grow: 0; height: 14px; margin-bottom: 6px; width: 100px;\"><\/div>\n<div style=\"background-color: #f4f4f4; border-radius: 4px; flex-grow: 0; height: 14px; width: 60px;\"><\/div>\n<\/div>\n<\/div>\n<div style=\"padding: 19% 0;\"><\/div>\n<div style=\"display: block; height: 50px; margin: 0 auto 12px; width: 50px;\"><\/div>\n<div style=\"padding-top: 8px;\">\n<div style=\"color: #3897f0; font-family: Arial,sans-serif; font-size: 14px; font-style: normal; font-weight: 550; line-height: 18px;\">Ver esta publicaci\u00f3n en Instagram<\/div>\n<\/div>\n<div style=\"padding: 12.5% 0;\"><\/div>\n<div style=\"display: flex; flex-direction: row; margin-bottom: 14px; align-items: center;\">\n<div>\n<div style=\"background-color: #f4f4f4; border-radius: 50%; height: 12.5px; width: 12.5px; transform: translateX(0px) translateY(7px);\"><\/div>\n<div style=\"background-color: #f4f4f4; height: 12.5px; transform: rotate(-45deg) translateX(3px) translateY(1px); width: 12.5px; flex-grow: 0; margin-right: 14px; margin-left: 2px;\"><\/div>\n<div style=\"background-color: #f4f4f4; border-radius: 50%; height: 12.5px; width: 12.5px; transform: translateX(9px) translateY(-18px);\"><\/div>\n<\/div>\n<div style=\"margin-left: 8px;\">\n<div style=\"background-color: #f4f4f4; border-radius: 50%; flex-grow: 0; height: 20px; width: 20px;\"><\/div>\n<div style=\"width: 0; height: 0; border-top: 2px solid transparent; border-left: 6px solid #f4f4f4; border-bottom: 2px solid transparent; transform: translateX(16px) translateY(-4px) rotate(30deg);\"><\/div>\n<\/div>\n<div style=\"margin-left: auto;\">\n<div style=\"width: 0px; border-top: 8px solid #F4F4F4; border-right: 8px solid transparent; transform: translateY(16px);\"><\/div>\n<div style=\"background-color: #f4f4f4; flex-grow: 0; height: 12px; width: 16px; transform: translateY(-4px);\"><\/div>\n<div style=\"width: 0; height: 0; border-top: 8px solid #F4F4F4; border-left: 8px solid transparent; transform: translateY(-4px) translateX(8px);\"><\/div>\n<\/div>\n<\/div>\n<div style=\"display: flex; flex-direction: column; flex-grow: 1; justify-content: center; margin-bottom: 24px;\">\n<div style=\"background-color: #f4f4f4; border-radius: 4px; flex-grow: 0; height: 14px; margin-bottom: 6px; width: 224px;\"><\/div>\n<div style=\"background-color: #f4f4f4; border-radius: 4px; flex-grow: 0; height: 14px; width: 144px;\"><\/div>\n<\/div>\n<p>&nbsp;<\/p>\n<p style=\"color: #c9c8cd; font-family: Arial,sans-serif; font-size: 14px; line-height: 17px; margin-bottom: 0; margin-top: 8px; overflow: hidden; padding: 8px 0 7px; text-align: center; text-overflow: ellipsis; white-space: nowrap;\"><a style=\"color: #c9c8cd; font-family: Arial,sans-serif; font-size: 14px; font-style: normal; font-weight: normal; line-height: 17px; text-decoration: none;\" href=\"https:\/\/www.instagram.com\/reel\/CsmSAh8taAA\/?utm_source=ig_embed&amp;utm_campaign=loading\" target=\"_blank\" rel=\"noopener\">Una publicaci\u00f3n compartida por Team Beisbol Venezuela (@teambeisbolve)<\/a><\/p>\n<\/div>\n<\/blockquote>\n<p><script async src=\"\/\/www.instagram.com\/embed.js\"><\/script><\/p>\n","protected":false},"excerpt":{"rendered":"<p>Nuestra deportista regional es la lanzadora del equipo y \u00fanica representante femenina en el equipo nacional que recientemente derrot\u00f3 12-10 al conjunto de Rep\u00fablica Dominicana. El escenario de este gran encuentro fue el CECADI en Aguascalientes, M\u00e9xico en donde luego de esta gran victoria la destacada atleta declar\u00f3: \u00bb Gracias a mi manager por la [&hellip;]<\/p>\n","protected":false},"author":4,"featured_media":3679,"comment_status":"open","ping_status":"closed","sticky":false,"template":"","format":"standard","meta":{"om_disable_all_campaigns":false,"_monsterinsights_skip_tracking":false,"_monsterinsights_sitenote_active":false,"_monsterinsights_sitenote_note":"","_monsterinsights_sitenote_category":0,"footnotes":""},"categories":[43],"tags":[233,227],"class_list":["post-3677","post","type-post","status-publish","format-standard","has-post-thumbnail","hentry","category-beisbol","tag-francys-sandoval","tag-premundial-de-beisbol-u12"],"_links":{"self":[{"href":"https:\/\/fundadeporte.gob.ve\/carabobo\/wp-json\/wp\/v2\/posts\/3677","targetHints":{"allow":["GET"]}}],"collection":[{"href":"https:\/\/fundadeporte.gob.ve\/carabobo\/wp-json\/wp\/v2\/posts"}],"about":[{"href":"https:\/\/fundadeporte.gob.ve\/carabobo\/wp-json\/wp\/v2\/types\/post"}],"author":[{"embeddable":true,"href":"https:\/\/fundadeporte.gob.ve\/carabobo\/wp-json\/wp\/v2\/users\/4"}],"replies":[{"embeddable":true,"href":"https:\/\/fundadeporte.gob.ve\/carabobo\/wp-json\/wp\/v2\/comments?post=3677"}],"version-history":[{"count":2,"href":"https:\/\/fundadeporte.gob.ve\/carabobo\/wp-json\/wp\/v2\/posts\/3677\/revisions"}],"predecessor-version":[{"id":3680,"href":"https:\/\/fundadeporte.gob.ve\/carabobo\/wp-json\/wp\/v2\/posts\/3677\/revisions\/3680"}],"wp:featuredmedia":[{"embeddable":true,"href":"https:\/\/fundadeporte.gob.ve\/carabobo\/wp-json\/wp\/v2\/media\/3679"}],"wp:attachment":[{"href":"https:\/\/fundadeporte.gob.ve\/carabobo\/wp-json\/wp\/v2\/media?parent=3677"}],"wp:term":[{"taxonomy":"category","embeddable":true,"href":"https:\/\/fundadeporte.gob.ve\/carabobo\/wp-json\/wp\/v2\/categories?post=3677"},{"taxonomy":"post_tag","embeddable":true,"href":"https:\/\/fundadeporte.gob.ve\/carabobo\/wp-json\/wp\/v2\/tags?post=3677"}],"curies":[{"name":"wp","href":"https:\/\/api.w.org\/{rel}","templated":true}]}}