{"id":3600,"date":"2023-05-08T08:59:26","date_gmt":"2023-05-08T12:59:26","guid":{"rendered":"https:\/\/fundadeporte.gob.ve\/carabobo\/?p=3600"},"modified":"2023-05-08T09:09:47","modified_gmt":"2023-05-08T13:09:47","slug":"campeonato-panamericano-de-lucha-2023","status":"publish","type":"post","link":"https:\/\/fundadeporte.gob.ve\/carabobo\/campeonato-panamericano-de-lucha-2023\/","title":{"rendered":"Carabobe\u00f1os destacaron en el Campeonato Panamericano de Lucha 2023"},"content":{"rendered":"<h4><span style=\"color: #003366;\">Los atletas regionales Nathaly Griman, Jos\u00e9 D\u00edaz Roberti, Betzabeth Sarcos y Wuileixis Rivas dejaron al pa\u00eds por todo lo alto en el Pan-american Championships que se disput\u00f3 en el Centro Nacional de Alto Rendimiento Deportivo, de la ciudad de Buenos Aires.<\/span><\/h4>\n<p>A un paso de llevarse los m\u00e1ximos honores qued\u00f3 la luchadora local Nathaly Griman, quien batall\u00f3 en la colchoneta de la divisi\u00f3n 62 kilogramos. Griman subi\u00f3 al segundo pelda\u00f1o del podio, escoltando a la representante de Canad\u00e1. Estados Unidos y Brasil ocuparon el tercer lugar.<\/p>\n<p>El ol\u00edmpico Jos\u00e9 D\u00edaz tambi\u00e9n subi\u00f3 al segundo pelda\u00f1o de la cita internacional ganando Plata en la divisi\u00f3n de 125 Kg. Otra carabobe\u00f1a que se luci\u00f3 en el Panamericano, fue Betzabeth Sarcos al conquistar la medalla de bronce en la divisi\u00f3n de los 57 kilos. Wuileixis Rivas, hizo lo propio para subir al tercer pelda\u00f1o del podio en la divisi\u00f3n de los 77 kilogramos estilo grecorromano.<\/p>\n<p>Este gran aporte colabor\u00f3 a que Venezuela se situara en la sexta posici\u00f3n del medallero con un total de ocho medallas, por debajo de Estados Unidos con 24, Cuba con 15, Canad\u00e1 con 13 quienes ocuparon los primeros lugares en competencia realizada del 3 al 6 de mayo, donde la capital de Argentina recibi\u00f3 a los mejores luchadores del continente en tres disciplinas: las categor\u00edas libre y grecorromana entre los hombres, y libre entre las mujeres.<\/p>\n","protected":false},"excerpt":{"rendered":"<p>Los atletas regionales Nathaly Griman, Jos\u00e9 D\u00edaz Roberti, Betzabeth Sarcos y Wuileixis Rivas dejaron al pa\u00eds por todo lo alto en el Pan-american Championships que se disput\u00f3 en el Centro Nacional de Alto Rendimiento Deportivo, de la ciudad de Buenos Aires. A un paso de llevarse los m\u00e1ximos honores qued\u00f3 la luchadora local Nathaly Griman, [&hellip;]<\/p>\n","protected":false},"author":4,"featured_media":3602,"comment_status":"open","ping_status":"closed","sticky":false,"template":"","format":"standard","meta":{"om_disable_all_campaigns":false,"_monsterinsights_skip_tracking":false,"footnotes":""},"categories":[10],"tags":[60,59,61],"class_list":["post-3600","post","type-post","status-publish","format-standard","has-post-thumbnail","hentry","category-actualidad","tag-jose-diaz-roberti","tag-nathaly-griman","tag-wuileixis-rivas"],"_links":{"self":[{"href":"https:\/\/fundadeporte.gob.ve\/carabobo\/wp-json\/wp\/v2\/posts\/3600","targetHints":{"allow":["GET"]}}],"collection":[{"href":"https:\/\/fundadeporte.gob.ve\/carabobo\/wp-json\/wp\/v2\/posts"}],"about":[{"href":"https:\/\/fundadeporte.gob.ve\/carabobo\/wp-json\/wp\/v2\/types\/post"}],"author":[{"embeddable":true,"href":"https:\/\/fundadeporte.gob.ve\/carabobo\/wp-json\/wp\/v2\/users\/4"}],"replies":[{"embeddable":true,"href":"https:\/\/fundadeporte.gob.ve\/carabobo\/wp-json\/wp\/v2\/comments?post=3600"}],"version-history":[{"count":2,"href":"https:\/\/fundadeporte.gob.ve\/carabobo\/wp-json\/wp\/v2\/posts\/3600\/revisions"}],"predecessor-version":[{"id":3603,"href":"https:\/\/fundadeporte.gob.ve\/carabobo\/wp-json\/wp\/v2\/posts\/3600\/revisions\/3603"}],"wp:featuredmedia":[{"embeddable":true,"href":"https:\/\/fundadeporte.gob.ve\/carabobo\/wp-json\/wp\/v2\/media\/3602"}],"wp:attachment":[{"href":"https:\/\/fundadeporte.gob.ve\/carabobo\/wp-json\/wp\/v2\/media?parent=3600"}],"wp:term":[{"taxonomy":"category","embeddable":true,"href":"https:\/\/fundadeporte.gob.ve\/carabobo\/wp-json\/wp\/v2\/categories?post=3600"},{"taxonomy":"post_tag","embeddable":true,"href":"https:\/\/fundadeporte.gob.ve\/carabobo\/wp-json\/wp\/v2\/tags?post=3600"}],"curies":[{"name":"wp","href":"https:\/\/api.w.org\/{rel}","templated":true}]}}