{"id":3361,"date":"2023-04-01T11:07:41","date_gmt":"2023-04-01T15:07:41","guid":{"rendered":"https:\/\/fundadeporte.gob.ve\/carabobo\/?p=3361"},"modified":"2023-04-05T16:05:02","modified_gmt":"2023-04-05T20:05:02","slug":"campeonato-nacional-de-playa","status":"publish","type":"post","link":"https:\/\/fundadeporte.gob.ve\/carabobo\/campeonato-nacional-de-playa\/","title":{"rendered":"17 luchadores del Team Wrestling clasificaron al Campeonato Nacional de Playa"},"content":{"rendered":"<p><span style=\"color: #800000;\"><strong>Los atletas atletas pertenecientes al Team Wrestling Daleswky Bruno, tuvieron una excelente participaci\u00f3n en el chequeo estadal selectivo para conformar el equipo que representar\u00e1 a Carabobo en el venidero Campeonato Nacional de Lucha de Playa que se disputar\u00e1 en las costas carabobe\u00f1as del 3 al 5 de abril.<\/strong><\/span><\/p>\n<p>Los seleccionados dirigidos por los entrenadores Daleswky Bruno y Regina Ag\u00fcero dejaron gratas sensaciones en la arena del Complejo Bicentenario Sim\u00f3n Bol\u00edvar de Naguanagua, donde la Asociaci\u00f3n del Estado realiz\u00f3 por tres fines de semana consecutivos campamentos y el chequeo final para escoger a los mejores gladiadores.<\/p>\n<p>Estos son los atletas clasificados del Team Wrestling Daleswky Bruno:<\/p>\n<p>\ud83d\udd38<strong>Categor\u00eda Sub 17<\/strong><br \/>\n<strong>\ud83d\udd38Femenino<\/strong><br \/>\n\ud83e\udd3c\u200d\u264040 kg Danierik Sira<br \/>\n\ud83e\udd3c\u200d\u2640\ufe0f50 kg Aniuska Morales y Valeria Vel\u00e1squez<br \/>\n\ud83e\udd3c\u200d\u2640\ufe0f60 kg Ines Polo y Victoria Simancas<br \/>\n\ud83e\udd3c\u200d\u2640\ufe0f70 kg B\u00e1rbara Bello<\/p>\n<p>\ud83d\udd38<strong>Masculino<\/strong><br \/>\n\ud83e\udd3c\u200d\u2642\ufe0f50kg Samuel S\u00e1nchez y Luigeth Arr\u00fanez<br \/>\n\ud83e\udd3c\u200d\u2642\ufe0f60kg Wendell Polo y Alejandro Machado<br \/>\n\ud83e\udd3c\u200d\u2642\ufe0f80Kg Cristian Urbina<\/p>\n<p>\ud83d\udd38<strong>Categor\u00eda Sub 20<\/strong><br \/>\n<strong>\ud83d\udd38Femenino<\/strong><br \/>\n\ud83e\udd3c\u200d\u2640\ufe0f50Kg Andrea Vel\u00e1squez y Annyis Chac\u00f3n<br \/>\n\ud83e\udd3c\u200d\u2640\ufe0f60Kg Mariemys Mart\u00ednez y Samantha Lugoa<\/p>\n<p>\ud83d\udd38<strong>En la rama masculina<\/strong><br \/>\n\ud83e\udd3c\u200d\u2642\ufe0f70Kg Jhonder Castillo<\/p>\n<p>\ud83d\udd38<strong>Categor\u00eda Senior<\/strong><br \/>\n\ud83e\udd3c\u200d\u2640\ufe0f50Kg Regina Ag\u00fcero<\/p>\n<p>Ante tal haza\u00f1a lograda por estos atletas Daleswky Bruno expres\u00f3, \u00abestoy contento por los resultados obtenidos de 23 atletas que forman parte del club para este evento, 17 lograron entrar al equipo carabobe\u00f1o y esto es fruto de los intensos entrenamientos que hemos venido realizando\u00bb.<br \/>\nDe esta forma estos j\u00f3venes atletas comienzan a formar un futuro prometedor, una generaci\u00f3n de relevo que seguir\u00e1 haciendo historia en la lucha Ol\u00edmpica Venezolana, resalt\u00f3 el experimentado entrenador.<\/p>\n","protected":false},"excerpt":{"rendered":"<p>Los atletas atletas pertenecientes al Team Wrestling Daleswky Bruno, tuvieron una excelente participaci\u00f3n en el chequeo estadal selectivo para conformar el equipo que representar\u00e1 a Carabobo en el venidero Campeonato Nacional de Lucha de Playa que se disputar\u00e1 en las costas carabobe\u00f1as del 3 al 5 de abril. Los seleccionados dirigidos por los entrenadores Daleswky [&hellip;]<\/p>\n","protected":false},"author":4,"featured_media":3363,"comment_status":"open","ping_status":"closed","sticky":false,"template":"","format":"standard","meta":{"om_disable_all_campaigns":false,"_monsterinsights_skip_tracking":false,"_monsterinsights_sitenote_active":false,"_monsterinsights_sitenote_note":"","_monsterinsights_sitenote_category":0,"footnotes":""},"categories":[66],"tags":[203],"class_list":["post-3361","post","type-post","status-publish","format-standard","has-post-thumbnail","hentry","category-deportes","tag-campeonato-nacional-de-lucha-de-playa"],"_links":{"self":[{"href":"https:\/\/fundadeporte.gob.ve\/carabobo\/wp-json\/wp\/v2\/posts\/3361","targetHints":{"allow":["GET"]}}],"collection":[{"href":"https:\/\/fundadeporte.gob.ve\/carabobo\/wp-json\/wp\/v2\/posts"}],"about":[{"href":"https:\/\/fundadeporte.gob.ve\/carabobo\/wp-json\/wp\/v2\/types\/post"}],"author":[{"embeddable":true,"href":"https:\/\/fundadeporte.gob.ve\/carabobo\/wp-json\/wp\/v2\/users\/4"}],"replies":[{"embeddable":true,"href":"https:\/\/fundadeporte.gob.ve\/carabobo\/wp-json\/wp\/v2\/comments?post=3361"}],"version-history":[{"count":3,"href":"https:\/\/fundadeporte.gob.ve\/carabobo\/wp-json\/wp\/v2\/posts\/3361\/revisions"}],"predecessor-version":[{"id":3378,"href":"https:\/\/fundadeporte.gob.ve\/carabobo\/wp-json\/wp\/v2\/posts\/3361\/revisions\/3378"}],"wp:featuredmedia":[{"embeddable":true,"href":"https:\/\/fundadeporte.gob.ve\/carabobo\/wp-json\/wp\/v2\/media\/3363"}],"wp:attachment":[{"href":"https:\/\/fundadeporte.gob.ve\/carabobo\/wp-json\/wp\/v2\/media?parent=3361"}],"wp:term":[{"taxonomy":"category","embeddable":true,"href":"https:\/\/fundadeporte.gob.ve\/carabobo\/wp-json\/wp\/v2\/categories?post=3361"},{"taxonomy":"post_tag","embeddable":true,"href":"https:\/\/fundadeporte.gob.ve\/carabobo\/wp-json\/wp\/v2\/tags?post=3361"}],"curies":[{"name":"wp","href":"https:\/\/api.w.org\/{rel}","templated":true}]}}