{"id":3264,"date":"2023-02-26T11:31:24","date_gmt":"2023-02-26T15:31:24","guid":{"rendered":"https:\/\/fundadeporte.gob.ve\/carabobo\/?p=3264"},"modified":"2023-02-26T11:31:40","modified_gmt":"2023-02-26T15:31:40","slug":"campeonato-nacional-cadete-de-boxeo","status":"publish","type":"post","link":"https:\/\/fundadeporte.gob.ve\/carabobo\/campeonato-nacional-cadete-de-boxeo\/","title":{"rendered":"11 atletas carabobe\u00f1os clasificaron al Campeonato Nacional Cadete de Boxeo"},"content":{"rendered":"<h4><span style=\"color: #000080;\">La competencia deportiva que se disputar\u00e1 en el estado Gu\u00e1rico del 2 al 10 de abril contar\u00e1 con la presencia de 11 deportistas regionales en la disciplina de Boxeo, quienes ya inscribieron su nombre para participar en el Campeonato Nacional categor\u00eda Cadete.<\/span><\/h4>\n<p>Henglimar Navas 40 kg, Alejandra Monagas 48kg, Sara\u00ed Quintero 52 kg, Chrisbeth Pineda 57 kg, Norelbys Graterol 63 kg, Leonardo Aguirre 40 kg, Samuel Zaragoza 42 kg, Bryant Chirino 44 kg, Tiuner becerra 50 kg, Jorge Rajk 52 kg y Kleyber Vega 54 kg, fueron los atletas que lograron la haza\u00f1a este s\u00e1bado en el chequeo estadal que se realiz\u00f3 en el gimnasio Jorge Romero Celis de la Isabelica.<\/p>\n<p>As\u00ed lo dio a conocer, Jorman M\u00e1rquez, entrenador de la disciplina deportiva, quien adem\u00e1s explic\u00f3, que este pr\u00f3ximo s\u00e1bado tendr\u00e1n otro chequeo para terminar de conformar la selecci\u00f3n que viajar\u00e1 a tierras guarique\u00f1as.<\/p>\n<p>En la jornada boxeistica participaron los clubes de los diferentes municipios, Carlos Arvelo, Gu\u00e1cara, Valencia, Diego Ibarra y San Joaqu\u00edn.<\/p>\n<p>Por otra parte, Emily Richani 50 kg, Margaret Cassiani 52 kg y Yenifer Padilla 57 kg, hicieron lo propio en la categor\u00eda \u00c9lite y ver\u00e1n acci\u00f3n en el cuadril\u00e1tero del estado Gu\u00e1rico del 13 al 18 de marzo.<\/p>\n","protected":false},"excerpt":{"rendered":"<p>La competencia deportiva que se disputar\u00e1 en el estado Gu\u00e1rico del 2 al 10 de abril contar\u00e1 con la presencia de 11 deportistas regionales en la disciplina de Boxeo, quienes ya inscribieron su nombre para participar en el Campeonato Nacional categor\u00eda Cadete. Henglimar Navas 40 kg, Alejandra Monagas 48kg, Sara\u00ed Quintero 52 kg, Chrisbeth Pineda [&hellip;]<\/p>\n","protected":false},"author":4,"featured_media":3265,"comment_status":"open","ping_status":"closed","sticky":false,"template":"","format":"standard","meta":{"om_disable_all_campaigns":false,"_monsterinsights_skip_tracking":false,"footnotes":""},"categories":[88],"tags":[191],"class_list":["post-3264","post","type-post","status-publish","format-standard","has-post-thumbnail","hentry","category-boxeo","tag-campeonato-nacional-cadete-de-boxeo"],"_links":{"self":[{"href":"https:\/\/fundadeporte.gob.ve\/carabobo\/wp-json\/wp\/v2\/posts\/3264","targetHints":{"allow":["GET"]}}],"collection":[{"href":"https:\/\/fundadeporte.gob.ve\/carabobo\/wp-json\/wp\/v2\/posts"}],"about":[{"href":"https:\/\/fundadeporte.gob.ve\/carabobo\/wp-json\/wp\/v2\/types\/post"}],"author":[{"embeddable":true,"href":"https:\/\/fundadeporte.gob.ve\/carabobo\/wp-json\/wp\/v2\/users\/4"}],"replies":[{"embeddable":true,"href":"https:\/\/fundadeporte.gob.ve\/carabobo\/wp-json\/wp\/v2\/comments?post=3264"}],"version-history":[{"count":1,"href":"https:\/\/fundadeporte.gob.ve\/carabobo\/wp-json\/wp\/v2\/posts\/3264\/revisions"}],"predecessor-version":[{"id":3266,"href":"https:\/\/fundadeporte.gob.ve\/carabobo\/wp-json\/wp\/v2\/posts\/3264\/revisions\/3266"}],"wp:featuredmedia":[{"embeddable":true,"href":"https:\/\/fundadeporte.gob.ve\/carabobo\/wp-json\/wp\/v2\/media\/3265"}],"wp:attachment":[{"href":"https:\/\/fundadeporte.gob.ve\/carabobo\/wp-json\/wp\/v2\/media?parent=3264"}],"wp:term":[{"taxonomy":"category","embeddable":true,"href":"https:\/\/fundadeporte.gob.ve\/carabobo\/wp-json\/wp\/v2\/categories?post=3264"},{"taxonomy":"post_tag","embeddable":true,"href":"https:\/\/fundadeporte.gob.ve\/carabobo\/wp-json\/wp\/v2\/tags?post=3264"}],"curies":[{"name":"wp","href":"https:\/\/api.w.org\/{rel}","templated":true}]}}