{"id":3161,"date":"2023-02-02T08:14:23","date_gmt":"2023-02-02T12:14:23","guid":{"rendered":"https:\/\/fundadeporte.gob.ve\/carabobo\/?p=3161"},"modified":"2023-02-02T08:14:23","modified_gmt":"2023-02-02T12:14:23","slug":"panama-serie-del-caribe-2023","status":"publish","type":"post","link":"https:\/\/fundadeporte.gob.ve\/carabobo\/panama-serie-del-caribe-2023\/","title":{"rendered":"Panam\u00e1 ya est\u00e1 en suelo venezolano para disputar la Serie del Caribe 2023"},"content":{"rendered":"<h4>El equipo Federales de Chiriqui de Panam\u00e1 arrib\u00f3 este mi\u00e9rcoles a Venezuela, para su participaci\u00f3n en la Edici\u00f3n 65 de la Serie del Caribe Gran Caracas 2023.<\/h4>\n<p>La novena fue recibida en el Aeropuerto Internacional Arturo Michelena de Valencia por el Gobernador de Carabobo, Rafael Lacava, acompa\u00f1ado por el secretario General de Gobierno, Jes\u00fas Par\u00eds y el presidente de la Fundaci\u00f3n Carabobe\u00f1a para el Desarrollo del Deporte (Fundadeporte), Jhonny Del Corral, quienes desearon el mayor de los \u00e9xitos en la fiesta del b\u00e9isbol caribe\u00f1a a desarrollarse del 02 al 10 de febrero, en los Estadios Monumental de Caracas Sim\u00f3n Bol\u00edvar y Jos\u00e9 Luis Garc\u00eda Carneiro de La Guaira.<\/p>\n<p>\u00abEn nombre del Presidente Nicol\u00e1s Maduro y de todo el pueblo carabobe\u00f1os le damos la bienvenida a todos los integrantes del equipo de Panam\u00e1 que estar\u00e1n disputando la Serie del Caribe Caracas 2023, les deseo el mayor de los \u00e9xitos\u00bb, dijo la m\u00e1xima autoridad del estado.<\/p>\n<p><img loading=\"lazy\" decoding=\"async\" class=\"aligncenter size-full wp-image-3164\" src=\"https:\/\/fundadeporte.gob.ve\/carabobo\/wp-content\/uploads\/2023\/02\/rafael-lacava.jpg\" alt=\"Rafael lacava 2023\" width=\"1068\" height=\"712\" srcset=\"https:\/\/fundadeporte.gob.ve\/carabobo\/wp-content\/uploads\/2023\/02\/rafael-lacava.jpg 1068w, https:\/\/fundadeporte.gob.ve\/carabobo\/wp-content\/uploads\/2023\/02\/rafael-lacava-300x200.jpg 300w, https:\/\/fundadeporte.gob.ve\/carabobo\/wp-content\/uploads\/2023\/02\/rafael-lacava-1024x683.jpg 1024w, https:\/\/fundadeporte.gob.ve\/carabobo\/wp-content\/uploads\/2023\/02\/rafael-lacava-768x512.jpg 768w\" sizes=\"auto, (max-width: 1068px) 100vw, 1068px\" \/><br \/>\nA su vez, Lacava invit\u00f3 a toda la poblaci\u00f3n a visitar los nuevos templos del b\u00e9isbol en la ciudad capital y La Guaira, los cuales ser\u00e1n inaugurados este jueves, d\u00f3nde estar\u00e1n viendo acci\u00f3n pa\u00edses c\u00f3mo: Colombia, Cuba, Curazao, M\u00e9xico, Panam\u00e1, Puerto Rico, Rep\u00fablica Dominicana y Venezuela.<\/p>\n<p>\u00abEst\u00e1 Serie del Caribe ser\u00e1 la mejor, los estadios son una belleza, invit\u00f3 a toda la poblaci\u00f3n a seguir y disfrutar de esta fiesta caribe\u00f1a, el mayor de los \u00e9xitos para todos los participantes, en especial para Venezuela\u00bb, sentenci\u00f3 el gobernador.<\/p>\n<p><strong>Preparados<\/strong><br \/>\nEl capital de Panam\u00e1, Jos\u00e9 Mayorga, se mostr\u00f3 contento por el recibimiento y asegur\u00f3 estar preparados para disputar la serie.\u00bbContento y orgulloso por el trato que nos han dado al llegar a Venezuela, estamos preparados para dar lo mejor de nosotros desde el primer partido que ser\u00e1 contra el pa\u00eds anfitri\u00f3n\u00bb, dijo Mayorga.<\/p>\n<p><strong>Primeros encuentros<\/strong><br \/>\nEste jueves a primera hora se entrar\u00e1n enfrentando Cuba ante Curazao a partir de las 10:00 de la ma\u00f1ana y Colombia contra Puerto Rico a las 3:00 de la tarde en Caracas.<\/p>\n<p>Mientras que en La Guaira se medir\u00e1n M\u00e9xico y Rep\u00fablica Dominicana a las 12:00 del medio d\u00eda, seguido por la ceremonia inaugural a las 6:45 de la tarde, para concluir la jornada con el encuentro entre Venezuela ante Panam\u00e1 a las 8:30 de la noche.<\/p>\n","protected":false},"excerpt":{"rendered":"<p>El equipo Federales de Chiriqui de Panam\u00e1 arrib\u00f3 este mi\u00e9rcoles a Venezuela, para su participaci\u00f3n en la Edici\u00f3n 65 de la Serie del Caribe Gran Caracas 2023. La novena fue recibida en el Aeropuerto Internacional Arturo Michelena de Valencia por el Gobernador de Carabobo, Rafael Lacava, acompa\u00f1ado por el secretario General de Gobierno, Jes\u00fas Par\u00eds [&hellip;]<\/p>\n","protected":false},"author":4,"featured_media":3163,"comment_status":"open","ping_status":"closed","sticky":false,"template":"","format":"standard","meta":{"om_disable_all_campaigns":false,"_monsterinsights_skip_tracking":false,"_monsterinsights_sitenote_active":false,"_monsterinsights_sitenote_note":"","_monsterinsights_sitenote_category":0,"footnotes":""},"categories":[43],"tags":[179],"class_list":["post-3161","post","type-post","status-publish","format-standard","has-post-thumbnail","hentry","category-beisbol","tag-serie-del-caribe"],"_links":{"self":[{"href":"https:\/\/fundadeporte.gob.ve\/carabobo\/wp-json\/wp\/v2\/posts\/3161","targetHints":{"allow":["GET"]}}],"collection":[{"href":"https:\/\/fundadeporte.gob.ve\/carabobo\/wp-json\/wp\/v2\/posts"}],"about":[{"href":"https:\/\/fundadeporte.gob.ve\/carabobo\/wp-json\/wp\/v2\/types\/post"}],"author":[{"embeddable":true,"href":"https:\/\/fundadeporte.gob.ve\/carabobo\/wp-json\/wp\/v2\/users\/4"}],"replies":[{"embeddable":true,"href":"https:\/\/fundadeporte.gob.ve\/carabobo\/wp-json\/wp\/v2\/comments?post=3161"}],"version-history":[{"count":2,"href":"https:\/\/fundadeporte.gob.ve\/carabobo\/wp-json\/wp\/v2\/posts\/3161\/revisions"}],"predecessor-version":[{"id":3165,"href":"https:\/\/fundadeporte.gob.ve\/carabobo\/wp-json\/wp\/v2\/posts\/3161\/revisions\/3165"}],"wp:featuredmedia":[{"embeddable":true,"href":"https:\/\/fundadeporte.gob.ve\/carabobo\/wp-json\/wp\/v2\/media\/3163"}],"wp:attachment":[{"href":"https:\/\/fundadeporte.gob.ve\/carabobo\/wp-json\/wp\/v2\/media?parent=3161"}],"wp:term":[{"taxonomy":"category","embeddable":true,"href":"https:\/\/fundadeporte.gob.ve\/carabobo\/wp-json\/wp\/v2\/categories?post=3161"},{"taxonomy":"post_tag","embeddable":true,"href":"https:\/\/fundadeporte.gob.ve\/carabobo\/wp-json\/wp\/v2\/tags?post=3161"}],"curies":[{"name":"wp","href":"https:\/\/api.w.org\/{rel}","templated":true}]}}