{"id":3141,"date":"2023-01-30T09:53:33","date_gmt":"2023-01-30T13:53:33","guid":{"rendered":"https:\/\/fundadeporte.gob.ve\/carabobo\/?p=3141"},"modified":"2023-01-30T09:54:04","modified_gmt":"2023-01-30T13:54:04","slug":"actividad-fisica-deporte-y-recreacion-venezuela-activa","status":"publish","type":"post","link":"https:\/\/fundadeporte.gob.ve\/carabobo\/actividad-fisica-deporte-y-recreacion-venezuela-activa\/","title":{"rendered":"Celebrado el X Aniversario del Programa de Actividad F\u00edsica, Deporte y Recreaci\u00f3n \u00abVenezuela Activa\u00bb"},"content":{"rendered":"<h4>Con una mega bailoterapia, exhibici\u00f3n de taekwondo, juegos de baloncesto, f\u00fatbol sala y voleibol, la Fundaci\u00f3n Carabobe\u00f1a para el Desarrollo del Deporte, ente que preside Jhonny Del Corral, celebr\u00f3 los 10 a\u00f1os del Programa de Actividad F\u00edsica, Deporte y Recreaci\u00f3n \u00abVenezuela Activa\u00bb.<\/h4>\n<p>El evento desarrollado en el Centro de Iniciaci\u00f3n Deportivo El Socorro, al sur de Valencia, cont\u00f3 con la participaci\u00f3n de m\u00e1s de 150 ni\u00f1os, ni\u00f1as, j\u00f3venes y adultos, cumpliendo con los lineamientos del Ministro del Poder Popular para la Juventud y Deporte, Mervin Maldonado, en promover y garantizar la salud, felicidad, el sano esparcimiento en las comunidades.<\/p>\n<p>As\u00ed lo dio a conocer Oscar Su\u00e1rez, director de masificaci\u00f3n de Fundadeporte.<br \/>\n\u00abCumpliendo lineamientos de nuestro Presidente Nicol\u00e1s Maduro, del ministro Mervin Maldonado, nuestro gobernador Rafael Lacava y el presidente de Fundadeporte Jhonny Del Corral, celebramos el d\u00e9cimo aniversario de la actividad f\u00edsica con la comunidad El Socorro, d\u00f3nde se realizaron juegos amistosos para la recreaci\u00f3n de ni\u00f1os, j\u00f3venes y adultos\u00bb, sentenci\u00f3 Su\u00e1rez.<\/p>\n<p><img loading=\"lazy\" decoding=\"async\" class=\"aligncenter size-full wp-image-3142\" src=\"https:\/\/fundadeporte.gob.ve\/carabobo\/wp-content\/uploads\/2023\/01\/Venezuela-Activa-b.jpg\" alt=\"deporte en el socorro valencia\" width=\"1080\" height=\"579\" srcset=\"https:\/\/fundadeporte.gob.ve\/carabobo\/wp-content\/uploads\/2023\/01\/Venezuela-Activa-b.jpg 1080w, https:\/\/fundadeporte.gob.ve\/carabobo\/wp-content\/uploads\/2023\/01\/Venezuela-Activa-b-300x161.jpg 300w, https:\/\/fundadeporte.gob.ve\/carabobo\/wp-content\/uploads\/2023\/01\/Venezuela-Activa-b-1024x549.jpg 1024w, https:\/\/fundadeporte.gob.ve\/carabobo\/wp-content\/uploads\/2023\/01\/Venezuela-Activa-b-768x412.jpg 768w\" sizes=\"auto, (max-width: 1080px) 100vw, 1080px\" \/><\/p>\n<p><strong>Beneficiada<\/strong><br \/>\nSolangel Mora, beneficiada con la jornada deportiva, se mostr\u00f3 agradecida con la iniciativa y agradeci\u00f3 a Fundadeporte, a la Gobernaci\u00f3n de Carabobo que lidera Rafael Lacava y el Ministerio del Deporte.<\/p>\n<p>\u00abEstamos muy contento con esta actividad deportiva y recreativa para nuestra comunidad; gracias a Fundadeporte, a la Gobernaci\u00f3n de Carabobo, al Ministerio de Deporte y todas las personas que hicieron posible este evento para que nuestros ni\u00f1os y j\u00f3venes disfrutar\u00e1n un d\u00eda diferente\u00bb, dijo Mora.<\/p>\n","protected":false},"excerpt":{"rendered":"<p>Con una mega bailoterapia, exhibici\u00f3n de taekwondo, juegos de baloncesto, f\u00fatbol sala y voleibol, la Fundaci\u00f3n Carabobe\u00f1a para el Desarrollo del Deporte, ente que preside Jhonny Del Corral, celebr\u00f3 los 10 a\u00f1os del Programa de Actividad F\u00edsica, Deporte y Recreaci\u00f3n \u00abVenezuela Activa\u00bb. El evento desarrollado en el Centro de Iniciaci\u00f3n Deportivo El Socorro, al sur [&hellip;]<\/p>\n","protected":false},"author":4,"featured_media":3143,"comment_status":"open","ping_status":"closed","sticky":false,"template":"","format":"standard","meta":{"om_disable_all_campaigns":false,"_monsterinsights_skip_tracking":false,"_monsterinsights_sitenote_active":false,"_monsterinsights_sitenote_note":"","_monsterinsights_sitenote_category":0,"footnotes":""},"categories":[10],"tags":[178],"class_list":["post-3141","post","type-post","status-publish","format-standard","has-post-thumbnail","hentry","category-actualidad","tag-venezuela-activa"],"_links":{"self":[{"href":"https:\/\/fundadeporte.gob.ve\/carabobo\/wp-json\/wp\/v2\/posts\/3141","targetHints":{"allow":["GET"]}}],"collection":[{"href":"https:\/\/fundadeporte.gob.ve\/carabobo\/wp-json\/wp\/v2\/posts"}],"about":[{"href":"https:\/\/fundadeporte.gob.ve\/carabobo\/wp-json\/wp\/v2\/types\/post"}],"author":[{"embeddable":true,"href":"https:\/\/fundadeporte.gob.ve\/carabobo\/wp-json\/wp\/v2\/users\/4"}],"replies":[{"embeddable":true,"href":"https:\/\/fundadeporte.gob.ve\/carabobo\/wp-json\/wp\/v2\/comments?post=3141"}],"version-history":[{"count":1,"href":"https:\/\/fundadeporte.gob.ve\/carabobo\/wp-json\/wp\/v2\/posts\/3141\/revisions"}],"predecessor-version":[{"id":3144,"href":"https:\/\/fundadeporte.gob.ve\/carabobo\/wp-json\/wp\/v2\/posts\/3141\/revisions\/3144"}],"wp:featuredmedia":[{"embeddable":true,"href":"https:\/\/fundadeporte.gob.ve\/carabobo\/wp-json\/wp\/v2\/media\/3143"}],"wp:attachment":[{"href":"https:\/\/fundadeporte.gob.ve\/carabobo\/wp-json\/wp\/v2\/media?parent=3141"}],"wp:term":[{"taxonomy":"category","embeddable":true,"href":"https:\/\/fundadeporte.gob.ve\/carabobo\/wp-json\/wp\/v2\/categories?post=3141"},{"taxonomy":"post_tag","embeddable":true,"href":"https:\/\/fundadeporte.gob.ve\/carabobo\/wp-json\/wp\/v2\/tags?post=3141"}],"curies":[{"name":"wp","href":"https:\/\/api.w.org\/{rel}","templated":true}]}}