{"id":3021,"date":"2022-12-13T21:25:36","date_gmt":"2022-12-14T01:25:36","guid":{"rendered":"https:\/\/fundadeporte.gob.ve\/carabobo\/?p=3021"},"modified":"2022-12-13T21:25:36","modified_gmt":"2022-12-14T01:25:36","slug":"voleibol-de-playa-carabobeno-se-titulo-en-campeonato-nacional-sub23","status":"publish","type":"post","link":"https:\/\/fundadeporte.gob.ve\/carabobo\/voleibol-de-playa-carabobeno-se-titulo-en-campeonato-nacional-sub23\/","title":{"rendered":"Voleibol de Playa carabobe\u00f1o se titul\u00f3 en Campeonato Nacional Sub23"},"content":{"rendered":"<h4>La dupla confirmada por Skeily Cuero y Oriana Granadillo se titularon campeonas en el Nacional de Voleibol de Playa, desarrollado en San Juan de los Morros, Gu\u00e1rico.<\/h4>\n<p>Las regionales lucieron en cada una de sus presentaciones y subieron a lo m\u00e1s alto del p\u00f3dium, seguidas por Distrito Capital en el segundo lugar y Monagas tercero.<\/p>\n<p><img loading=\"lazy\" decoding=\"async\" class=\"aligncenter size-full wp-image-3022\" src=\"https:\/\/fundadeporte.gob.ve\/carabobo\/wp-content\/uploads\/2022\/12\/Voleibol-de-Playa-2.jpg\" alt=\"voleibol femenino\" width=\"720\" height=\"480\" srcset=\"https:\/\/fundadeporte.gob.ve\/carabobo\/wp-content\/uploads\/2022\/12\/Voleibol-de-Playa-2.jpg 720w, https:\/\/fundadeporte.gob.ve\/carabobo\/wp-content\/uploads\/2022\/12\/Voleibol-de-Playa-2-300x200.jpg 300w\" sizes=\"auto, (max-width: 720px) 100vw, 720px\" \/><\/p>\n<p>Por Carabobo tambi\u00e9n estuvieron compitiendo las jovencitas Germaiony Ojeda y Sara L\u00f3pez, que a pesar de su corta edad (13 y 18 a\u00f1os), disputaron la semifinal de la justa deportiva, ocupando el cuarto puesto.<\/p>\n<p>Por el masculino tambi\u00e9n compitieron las duplas conformadas por Osmaglys Carta junto a Ricardo Aguilar, ocupando el quinto lugar (17 a\u00f1os) y Luis Maestro acompa\u00f1ado de Felipe Citeri, ocupando la novena casilla (17 a\u00f1os).<\/p>\n","protected":false},"excerpt":{"rendered":"<p>La dupla confirmada por Skeily Cuero y Oriana Granadillo se titularon campeonas en el Nacional de Voleibol de Playa, desarrollado en San Juan de los Morros, Gu\u00e1rico. Las regionales lucieron en cada una de sus presentaciones y subieron a lo m\u00e1s alto del p\u00f3dium, seguidas por Distrito Capital en el segundo lugar y Monagas tercero. [&hellip;]<\/p>\n","protected":false},"author":4,"featured_media":3023,"comment_status":"open","ping_status":"closed","sticky":false,"template":"","format":"standard","meta":{"om_disable_all_campaigns":false,"_monsterinsights_skip_tracking":false,"_monsterinsights_sitenote_active":false,"_monsterinsights_sitenote_note":"","_monsterinsights_sitenote_category":0,"footnotes":""},"categories":[66],"tags":[165],"class_list":["post-3021","post","type-post","status-publish","format-standard","has-post-thumbnail","hentry","category-deportes","tag-voleibol-de-playa"],"_links":{"self":[{"href":"https:\/\/fundadeporte.gob.ve\/carabobo\/wp-json\/wp\/v2\/posts\/3021","targetHints":{"allow":["GET"]}}],"collection":[{"href":"https:\/\/fundadeporte.gob.ve\/carabobo\/wp-json\/wp\/v2\/posts"}],"about":[{"href":"https:\/\/fundadeporte.gob.ve\/carabobo\/wp-json\/wp\/v2\/types\/post"}],"author":[{"embeddable":true,"href":"https:\/\/fundadeporte.gob.ve\/carabobo\/wp-json\/wp\/v2\/users\/4"}],"replies":[{"embeddable":true,"href":"https:\/\/fundadeporte.gob.ve\/carabobo\/wp-json\/wp\/v2\/comments?post=3021"}],"version-history":[{"count":1,"href":"https:\/\/fundadeporte.gob.ve\/carabobo\/wp-json\/wp\/v2\/posts\/3021\/revisions"}],"predecessor-version":[{"id":3024,"href":"https:\/\/fundadeporte.gob.ve\/carabobo\/wp-json\/wp\/v2\/posts\/3021\/revisions\/3024"}],"wp:featuredmedia":[{"embeddable":true,"href":"https:\/\/fundadeporte.gob.ve\/carabobo\/wp-json\/wp\/v2\/media\/3023"}],"wp:attachment":[{"href":"https:\/\/fundadeporte.gob.ve\/carabobo\/wp-json\/wp\/v2\/media?parent=3021"}],"wp:term":[{"taxonomy":"category","embeddable":true,"href":"https:\/\/fundadeporte.gob.ve\/carabobo\/wp-json\/wp\/v2\/categories?post=3021"},{"taxonomy":"post_tag","embeddable":true,"href":"https:\/\/fundadeporte.gob.ve\/carabobo\/wp-json\/wp\/v2\/tags?post=3021"}],"curies":[{"name":"wp","href":"https:\/\/api.w.org\/{rel}","templated":true}]}}