{"id":2875,"date":"2022-11-06T11:12:38","date_gmt":"2022-11-06T15:12:38","guid":{"rendered":"https:\/\/fundadeporte.gob.ve\/carabobo\/?p=2875"},"modified":"2022-11-06T11:12:38","modified_gmt":"2022-11-06T15:12:38","slug":"carabobo-nacional-de-olimpiada-especiales-de-gimnasia","status":"publish","type":"post","link":"https:\/\/fundadeporte.gob.ve\/carabobo\/carabobo-nacional-de-olimpiada-especiales-de-gimnasia\/","title":{"rendered":"Carabobo brill\u00f3 en Nacional de Olimpiada Especiales de Gimnasia"},"content":{"rendered":"<h4>El gimnasio cubierto Ronald Story de Naguanagua se visti\u00f3 de gala para recibir el Campeonato Nacional que alberg\u00f3 un centenar de atletas de diversos estados del pa\u00eds.<\/h4>\n<p>Los regionales lograron cosechar 12 medallas de oro, 10 de plata y 5 de bronce para ocupar el primer lugar de la tabla general, seguido por Distrito Capital y Yaracuy.<\/p>\n<p><img loading=\"lazy\" decoding=\"async\" class=\"aligncenter size-full wp-image-2876\" src=\"https:\/\/fundadeporte.gob.ve\/carabobo\/wp-content\/uploads\/2022\/11\/Nacional-de-Olimpiada-Especiales-de-Gimnasia-2.jpg\" alt=\"gimnastas especiales carabobo\" width=\"600\" height=\"411\" srcset=\"https:\/\/fundadeporte.gob.ve\/carabobo\/wp-content\/uploads\/2022\/11\/Nacional-de-Olimpiada-Especiales-de-Gimnasia-2.jpg 600w, https:\/\/fundadeporte.gob.ve\/carabobo\/wp-content\/uploads\/2022\/11\/Nacional-de-Olimpiada-Especiales-de-Gimnasia-2-300x206.jpg 300w\" sizes=\"auto, (max-width: 600px) 100vw, 600px\" \/><\/p>\n<p>Yorvis L\u00f3pez, quien estar\u00e1 representando a Venezuela en el Mundial de Berlin 2023, logr\u00f3 colgarse cuatro medallas de oro y dos de plata, mientras que Wilman Pinto conquist\u00f3 dos doradas y cuatro plateadas.<\/p>\n<p>Keyla De Freita consigui\u00f3 dos de oro en las modalidades de masa y cuerda, mientras que Ver\u00f3nica Brice\u00f1o alcanz\u00f3 par de doradas en cuerda y aro para la regi\u00f3n.<\/p>\n<p>Merina Rojas se colg\u00f3 dos medallas de bronce en la modalidad de cuerda y masa, Ani Cabeza un bronce en cuerda y cuarto lugar en aro, Teresa Freites con bronce en aro y cuarto lugar en cuerda, mientras que Jessica Torrealba ocup\u00f3 la cuarta posici\u00f3n en cuerda y masa.<\/p>\n","protected":false},"excerpt":{"rendered":"<p>El gimnasio cubierto Ronald Story de Naguanagua se visti\u00f3 de gala para recibir el Campeonato Nacional que alberg\u00f3 un centenar de atletas de diversos estados del pa\u00eds. Los regionales lograron cosechar 12 medallas de oro, 10 de plata y 5 de bronce para ocupar el primer lugar de la tabla general, seguido por Distrito Capital [&hellip;]<\/p>\n","protected":false},"author":4,"featured_media":2877,"comment_status":"open","ping_status":"closed","sticky":false,"template":"","format":"standard","meta":{"om_disable_all_campaigns":false,"_monsterinsights_skip_tracking":false,"_monsterinsights_sitenote_active":false,"_monsterinsights_sitenote_note":"","_monsterinsights_sitenote_category":0,"footnotes":""},"categories":[3],"tags":[],"class_list":["post-2875","post","type-post","status-publish","format-standard","has-post-thumbnail","hentry","category-internacionales"],"_links":{"self":[{"href":"https:\/\/fundadeporte.gob.ve\/carabobo\/wp-json\/wp\/v2\/posts\/2875","targetHints":{"allow":["GET"]}}],"collection":[{"href":"https:\/\/fundadeporte.gob.ve\/carabobo\/wp-json\/wp\/v2\/posts"}],"about":[{"href":"https:\/\/fundadeporte.gob.ve\/carabobo\/wp-json\/wp\/v2\/types\/post"}],"author":[{"embeddable":true,"href":"https:\/\/fundadeporte.gob.ve\/carabobo\/wp-json\/wp\/v2\/users\/4"}],"replies":[{"embeddable":true,"href":"https:\/\/fundadeporte.gob.ve\/carabobo\/wp-json\/wp\/v2\/comments?post=2875"}],"version-history":[{"count":1,"href":"https:\/\/fundadeporte.gob.ve\/carabobo\/wp-json\/wp\/v2\/posts\/2875\/revisions"}],"predecessor-version":[{"id":2878,"href":"https:\/\/fundadeporte.gob.ve\/carabobo\/wp-json\/wp\/v2\/posts\/2875\/revisions\/2878"}],"wp:featuredmedia":[{"embeddable":true,"href":"https:\/\/fundadeporte.gob.ve\/carabobo\/wp-json\/wp\/v2\/media\/2877"}],"wp:attachment":[{"href":"https:\/\/fundadeporte.gob.ve\/carabobo\/wp-json\/wp\/v2\/media?parent=2875"}],"wp:term":[{"taxonomy":"category","embeddable":true,"href":"https:\/\/fundadeporte.gob.ve\/carabobo\/wp-json\/wp\/v2\/categories?post=2875"},{"taxonomy":"post_tag","embeddable":true,"href":"https:\/\/fundadeporte.gob.ve\/carabobo\/wp-json\/wp\/v2\/tags?post=2875"}],"curies":[{"name":"wp","href":"https:\/\/api.w.org\/{rel}","templated":true}]}}