{"id":2601,"date":"2022-09-26T11:30:30","date_gmt":"2022-09-26T15:30:30","guid":{"rendered":"https:\/\/fundadeporte.gob.ve\/carabobo\/?p=2601"},"modified":"2022-09-26T11:35:11","modified_gmt":"2022-09-26T15:35:11","slug":"copa-peligro-sports","status":"publish","type":"post","link":"https:\/\/fundadeporte.gob.ve\/carabobo\/copa-peligro-sports\/","title":{"rendered":"Softbol masculino carabobe\u00f1o particip\u00f3 en la Copa Peligro Sports 2022"},"content":{"rendered":"<h4><span style=\"color: #003300;\">El Team Carabobo de Softbol Masculino finaliz\u00f3 su participaci\u00f3n sin conseguir victorias durante la cita deportiva, los de casa lograron ganar experiencia para futuros eventos, tras enfrentarse a atletas importados y con mayor experiencia en el encuentro realizado en Turen, estado Portuguesa.<\/span><\/h4>\n<p>As\u00ed lo dio a conocer el presidente de la Asociaci\u00f3n de Softbol del estado Carabobo ASEC y delegado del equipo local, Erick Garc\u00eda, quien felicit\u00f3 a los atletas carabobe\u00f1os por su desempe\u00f1o en la competencia, al igual que a la Fundaci\u00f3n Carabobe\u00f1a para el Desarrollo del Deporte, ente que preside Jhonny Del Corral, por el apoyo brindado para asistir al certamen.<\/p>\n<p>\u00abFue una experiencia inolvidable para el equipo y su cuerpo t\u00e9cnico, a pesar de tener peloteros de menor edad que el resto de los equipos, dieron la batalla en cada uno de los partidos, muchos con marcador cerrado, demostrando que tenemos talento y potencial para futuras competencias a nivel nacional\u00bb, dijo Garc\u00eda.<\/p>\n<p>\u00abAgradecido con Fundadeporte y su presidente Jhonny Del Corral, por prestarnos el apoyo para trasladar a los actuales campeones nacionales a competir en tan importante cita para ellos, lo cual los hace subir el nivel competitivo\u00bb, sentenci\u00f3 el presidente de la asociaci\u00f3n.<\/p>\n<p>El rostro regional estuvo confirmado de la siguiente manera:<\/p>\n<p><strong>*Pitchers<\/strong><br \/>\nGabriel Pinto, Lee Tejada, Michael Quevedo y Eduardo Ju\u00e1rez.<br \/>\n<strong>*Receptores<\/strong><br \/>\nAlexander G\u00f3mez y Carlos Soto.<br \/>\n<strong>*Infilders<\/strong><br \/>\nYermain Moreno, Manuel Lagarde, H\u00e9ctor Sierra, Jes\u00fas M\u00e9ndez, Juan Castillo, Diego Mel\u00e9ndez y Xiomar Tupano.<br \/>\n<strong>*Oufilders<\/strong><br \/>\nSebasti\u00e1n Hassell, Michell Chirinos, Dainier Donquis, Brayan Segovia, Juan Blanco y John Garc\u00eda.<br \/>\n<strong>*T\u00e9cnicos<\/strong><br \/>\nGerm\u00e1n L\u00f3pez, Omar Vechionacci y Luis Ju\u00e1rez.<br \/>\n<strong>*Trainer<\/strong><br \/>\nJos\u00e9 C\u00e1rdenas.<br \/>\n<strong>*Delegado<\/strong><br \/>\nErick Garc\u00eda.<\/p>\n<p>La copa finalmente fue alcanzada por el equipo Triple Crown y subcampe\u00f3n el Team Finca Jujure<\/p>\n","protected":false},"excerpt":{"rendered":"<p>El Team Carabobo de Softbol Masculino finaliz\u00f3 su participaci\u00f3n sin conseguir victorias durante la cita deportiva, los de casa lograron ganar experiencia para futuros eventos, tras enfrentarse a atletas importados y con mayor experiencia en el encuentro realizado en Turen, estado Portuguesa. As\u00ed lo dio a conocer el presidente de la Asociaci\u00f3n de Softbol del [&hellip;]<\/p>\n","protected":false},"author":4,"featured_media":2603,"comment_status":"open","ping_status":"closed","sticky":false,"template":"","format":"standard","meta":{"om_disable_all_campaigns":false,"_monsterinsights_skip_tracking":false,"_monsterinsights_sitenote_active":false,"_monsterinsights_sitenote_note":"","_monsterinsights_sitenote_category":0,"footnotes":""},"categories":[43],"tags":[126],"class_list":["post-2601","post","type-post","status-publish","format-standard","has-post-thumbnail","hentry","category-beisbol","tag-sofbol"],"_links":{"self":[{"href":"https:\/\/fundadeporte.gob.ve\/carabobo\/wp-json\/wp\/v2\/posts\/2601","targetHints":{"allow":["GET"]}}],"collection":[{"href":"https:\/\/fundadeporte.gob.ve\/carabobo\/wp-json\/wp\/v2\/posts"}],"about":[{"href":"https:\/\/fundadeporte.gob.ve\/carabobo\/wp-json\/wp\/v2\/types\/post"}],"author":[{"embeddable":true,"href":"https:\/\/fundadeporte.gob.ve\/carabobo\/wp-json\/wp\/v2\/users\/4"}],"replies":[{"embeddable":true,"href":"https:\/\/fundadeporte.gob.ve\/carabobo\/wp-json\/wp\/v2\/comments?post=2601"}],"version-history":[{"count":3,"href":"https:\/\/fundadeporte.gob.ve\/carabobo\/wp-json\/wp\/v2\/posts\/2601\/revisions"}],"predecessor-version":[{"id":2605,"href":"https:\/\/fundadeporte.gob.ve\/carabobo\/wp-json\/wp\/v2\/posts\/2601\/revisions\/2605"}],"wp:featuredmedia":[{"embeddable":true,"href":"https:\/\/fundadeporte.gob.ve\/carabobo\/wp-json\/wp\/v2\/media\/2603"}],"wp:attachment":[{"href":"https:\/\/fundadeporte.gob.ve\/carabobo\/wp-json\/wp\/v2\/media?parent=2601"}],"wp:term":[{"taxonomy":"category","embeddable":true,"href":"https:\/\/fundadeporte.gob.ve\/carabobo\/wp-json\/wp\/v2\/categories?post=2601"},{"taxonomy":"post_tag","embeddable":true,"href":"https:\/\/fundadeporte.gob.ve\/carabobo\/wp-json\/wp\/v2\/tags?post=2601"}],"curies":[{"name":"wp","href":"https:\/\/api.w.org\/{rel}","templated":true}]}}