{"id":2513,"date":"2022-09-11T10:54:23","date_gmt":"2022-09-11T14:54:23","guid":{"rendered":"https:\/\/fundadeporte.gob.ve\/carabobo\/?p=2513"},"modified":"2022-09-11T10:54:54","modified_gmt":"2022-09-11T14:54:54","slug":"dracuvacaciones-2022","status":"publish","type":"post","link":"https:\/\/fundadeporte.gob.ve\/carabobo\/dracuvacaciones-2022\/","title":{"rendered":"Al M\u00e1ximo con actividades deportivas y recreativas en las Dracuvacaciones 2022"},"content":{"rendered":"<h4><span style=\"color: #800000;\">Con el respaldo de la Gobernaci\u00f3n de Carabobo que lidera Rafael Lacava, la Fundaci\u00f3n Carabobe\u00f1a para el Desarrollo del Deporte (Fundadeporte) ente que preside Jhonny Del Corral, efectu\u00f3 las Dracuvacaciones 2022, para el disfrute de los hijos de los trabajadores de dicha instituci\u00f3n.<\/span><\/h4>\n<p>La primera actividad organizada por la Direcci\u00f3n de Masificaci\u00f3n que dirige Oscar Su\u00e1rez se llev\u00f3 a cabo el jueves 8 de septiembre en el Parque Andr\u00e9s Eloy Blanco de Valencia, d\u00f3nde los infantes disfrutaron de diversas actividades deportivas y recreativas c\u00f3mo cantos, bailes, juegos de Baloncesto, Voleibol, F\u00fatbol Sala, Tenis de Mesa, Karate-Do y Taekwondo.<\/p>\n<p><img loading=\"lazy\" decoding=\"async\" class=\"aligncenter size-full wp-image-2515\" src=\"https:\/\/fundadeporte.gob.ve\/carabobo\/wp-content\/uploads\/2022\/09\/Dracuvacaciones-b.jpg\" alt=\"grupo juvenil fundadeporte\" width=\"1080\" height=\"718\" srcset=\"https:\/\/fundadeporte.gob.ve\/carabobo\/wp-content\/uploads\/2022\/09\/Dracuvacaciones-b.jpg 1080w, https:\/\/fundadeporte.gob.ve\/carabobo\/wp-content\/uploads\/2022\/09\/Dracuvacaciones-b-300x199.jpg 300w, https:\/\/fundadeporte.gob.ve\/carabobo\/wp-content\/uploads\/2022\/09\/Dracuvacaciones-b-1024x681.jpg 1024w, https:\/\/fundadeporte.gob.ve\/carabobo\/wp-content\/uploads\/2022\/09\/Dracuvacaciones-b-768x511.jpg 768w\" sizes=\"auto, (max-width: 1080px) 100vw, 1080px\" \/><br \/>\nPor su parte, este viernes 9 de septiembre ni\u00f1as, ni\u00f1os y j\u00f3venes realizaron una divertida visita guiada a Draculandia ubicado en el Parque Recreacional Sur de la capital carabobe\u00f1a.<\/p>\n<p>Atracciones mec\u00e1nicas, \u00e1reas tem\u00e1ticas de \u00abLa Era del Hielo\u00bb, \u00ab\u00c1vatar\u00bb, dinosaurios de tama\u00f1o real, granja de contacto, escuela de mini chefs y diversas zonas de esparcimiento, fueron los espacios para el goce de los asistentes.<\/p>\n","protected":false},"excerpt":{"rendered":"<p>Con el respaldo de la Gobernaci\u00f3n de Carabobo que lidera Rafael Lacava, la Fundaci\u00f3n Carabobe\u00f1a para el Desarrollo del Deporte (Fundadeporte) ente que preside Jhonny Del Corral, efectu\u00f3 las Dracuvacaciones 2022, para el disfrute de los hijos de los trabajadores de dicha instituci\u00f3n. La primera actividad organizada por la Direcci\u00f3n de Masificaci\u00f3n que dirige Oscar [&hellip;]<\/p>\n","protected":false},"author":4,"featured_media":2514,"comment_status":"open","ping_status":"closed","sticky":false,"template":"","format":"standard","meta":{"om_disable_all_campaigns":false,"_monsterinsights_skip_tracking":false,"footnotes":""},"categories":[3],"tags":[],"class_list":["post-2513","post","type-post","status-publish","format-standard","has-post-thumbnail","hentry","category-internacionales"],"_links":{"self":[{"href":"https:\/\/fundadeporte.gob.ve\/carabobo\/wp-json\/wp\/v2\/posts\/2513","targetHints":{"allow":["GET"]}}],"collection":[{"href":"https:\/\/fundadeporte.gob.ve\/carabobo\/wp-json\/wp\/v2\/posts"}],"about":[{"href":"https:\/\/fundadeporte.gob.ve\/carabobo\/wp-json\/wp\/v2\/types\/post"}],"author":[{"embeddable":true,"href":"https:\/\/fundadeporte.gob.ve\/carabobo\/wp-json\/wp\/v2\/users\/4"}],"replies":[{"embeddable":true,"href":"https:\/\/fundadeporte.gob.ve\/carabobo\/wp-json\/wp\/v2\/comments?post=2513"}],"version-history":[{"count":1,"href":"https:\/\/fundadeporte.gob.ve\/carabobo\/wp-json\/wp\/v2\/posts\/2513\/revisions"}],"predecessor-version":[{"id":2516,"href":"https:\/\/fundadeporte.gob.ve\/carabobo\/wp-json\/wp\/v2\/posts\/2513\/revisions\/2516"}],"wp:featuredmedia":[{"embeddable":true,"href":"https:\/\/fundadeporte.gob.ve\/carabobo\/wp-json\/wp\/v2\/media\/2514"}],"wp:attachment":[{"href":"https:\/\/fundadeporte.gob.ve\/carabobo\/wp-json\/wp\/v2\/media?parent=2513"}],"wp:term":[{"taxonomy":"category","embeddable":true,"href":"https:\/\/fundadeporte.gob.ve\/carabobo\/wp-json\/wp\/v2\/categories?post=2513"},{"taxonomy":"post_tag","embeddable":true,"href":"https:\/\/fundadeporte.gob.ve\/carabobo\/wp-json\/wp\/v2\/tags?post=2513"}],"curies":[{"name":"wp","href":"https:\/\/api.w.org\/{rel}","templated":true}]}}