{"id":2226,"date":"2022-08-02T10:35:02","date_gmt":"2022-08-02T14:35:02","guid":{"rendered":"https:\/\/fundadeporte.gob.ve\/carabobo\/?p=2226"},"modified":"2022-08-04T14:08:10","modified_gmt":"2022-08-04T18:08:10","slug":"fundadeporte-invita-a-natacion-sin-limites","status":"publish","type":"post","link":"https:\/\/fundadeporte.gob.ve\/carabobo\/fundadeporte-invita-a-natacion-sin-limites\/","title":{"rendered":"Fundadeporte invita a la Cl\u00ednica Motivacional \u00abNataci\u00f3n Sin L\u00edmites\u00bb"},"content":{"rendered":"<h4>La Gobernaci\u00f3n Bolivariana de Carabobo presidida por Rafael Lacava, la Fundaci\u00f3n Carabobe\u00f1a para el Desarrollo del Deporte<strong> FUNDADEPORTE<\/strong>, presidida por Jhonny Del Corral, la Federaci\u00f3n Venezolana de Deportes Acu\u00e1ticos<strong> FEVEDA<\/strong> presidida por Luis Moreno, la Asociaci\u00f3n de Deportes Acu\u00e1ticos del estado Carabobo <strong>AVAC<\/strong> presidida por Ra\u00fal P\u00e9rez, invitan a la Cl\u00ednica Motivacional de Nataci\u00f3n y de Aguas Abiertas.<\/h4>\n<p>La fecha para el encuentro ser\u00e1\u00a0este s\u00e1bado 6 de agosto a partir de las 9:00 de la ma\u00f1ana hasta las 3:00 de la tarde en el Auditorio de la Villa Ol\u00edmpica, ubicado en la <span class=\"d2edcug0 hpfvmrgz qv66sw1b c1et5uql lr9zc1uh jq4qci2q a3bd9o3v b1v8xokw py34i1dx\"><span class=\"a8c37x1j ni8dbmo4 stjgntxs l9j0dhe7\">Av. Universidad de Naguanagua. Contando adem\u00e1s con el patrocinio de marcas que har\u00e1n vivir una experiencia \u00fanica e irrepetible a los participantes, hidrataci\u00f3n, certificado digital, una gran rifa y muchas sorpresas m\u00e1s.<\/span><\/span><\/p>\n<figure style=\"width: 1080px\" class=\"wp-caption alignnone\"><img loading=\"lazy\" decoding=\"async\" src=\"https:\/\/fundadeporte.gob.ve\/carabobo\/wp-content\/uploads\/2022\/05\/Copa-Danny-Chocron-2.jpeg\" alt=\"\" width=\"1080\" height=\"701\" \/><figcaption class=\"wp-caption-text\">El campe\u00f3n deportivo de talla internacional Danny Chocron que en 1999 obtuvo el Campeonato Mundial de Aguas Abiertas en Hawai, ser\u00e1 el destacado ponente del encuentro<\/figcaption><\/figure>\n<p>Carabobo siendo la tierra donde naci\u00f3 la Venezuela independiente, es la primera parada de un gran movimiento y desborde de pasi\u00f3n acu\u00e1tica. Una cl\u00ednica llena de la gran experiencia de nuestro campe\u00f3n mundial Danny Chocron y que est\u00e1 dirigida a todo p\u00fablico desde atletas, entrenadores, clubes, madres, padres y representantes. Todos est\u00e1n invitados a ser parte de est\u00e1 incre\u00edble producci\u00f3n.<\/p>\n","protected":false},"excerpt":{"rendered":"<p>La Gobernaci\u00f3n Bolivariana de Carabobo presidida por Rafael Lacava, la Fundaci\u00f3n Carabobe\u00f1a para el Desarrollo del Deporte FUNDADEPORTE, presidida por Jhonny Del Corral, la Federaci\u00f3n Venezolana de Deportes Acu\u00e1ticos FEVEDA presidida por Luis Moreno, la Asociaci\u00f3n de Deportes Acu\u00e1ticos del estado Carabobo AVAC presidida por Ra\u00fal P\u00e9rez, invitan a la Cl\u00ednica Motivacional de Nataci\u00f3n y [&hellip;]<\/p>\n","protected":false},"author":4,"featured_media":2228,"comment_status":"open","ping_status":"closed","sticky":false,"template":"","format":"standard","meta":{"om_disable_all_campaigns":false,"_monsterinsights_skip_tracking":false,"_monsterinsights_sitenote_active":false,"_monsterinsights_sitenote_note":"","_monsterinsights_sitenote_category":0,"footnotes":""},"categories":[30],"tags":[],"class_list":["post-2226","post","type-post","status-publish","format-standard","has-post-thumbnail","hentry","category-natacion"],"_links":{"self":[{"href":"https:\/\/fundadeporte.gob.ve\/carabobo\/wp-json\/wp\/v2\/posts\/2226","targetHints":{"allow":["GET"]}}],"collection":[{"href":"https:\/\/fundadeporte.gob.ve\/carabobo\/wp-json\/wp\/v2\/posts"}],"about":[{"href":"https:\/\/fundadeporte.gob.ve\/carabobo\/wp-json\/wp\/v2\/types\/post"}],"author":[{"embeddable":true,"href":"https:\/\/fundadeporte.gob.ve\/carabobo\/wp-json\/wp\/v2\/users\/4"}],"replies":[{"embeddable":true,"href":"https:\/\/fundadeporte.gob.ve\/carabobo\/wp-json\/wp\/v2\/comments?post=2226"}],"version-history":[{"count":5,"href":"https:\/\/fundadeporte.gob.ve\/carabobo\/wp-json\/wp\/v2\/posts\/2226\/revisions"}],"predecessor-version":[{"id":2240,"href":"https:\/\/fundadeporte.gob.ve\/carabobo\/wp-json\/wp\/v2\/posts\/2226\/revisions\/2240"}],"wp:featuredmedia":[{"embeddable":true,"href":"https:\/\/fundadeporte.gob.ve\/carabobo\/wp-json\/wp\/v2\/media\/2228"}],"wp:attachment":[{"href":"https:\/\/fundadeporte.gob.ve\/carabobo\/wp-json\/wp\/v2\/media?parent=2226"}],"wp:term":[{"taxonomy":"category","embeddable":true,"href":"https:\/\/fundadeporte.gob.ve\/carabobo\/wp-json\/wp\/v2\/categories?post=2226"},{"taxonomy":"post_tag","embeddable":true,"href":"https:\/\/fundadeporte.gob.ve\/carabobo\/wp-json\/wp\/v2\/tags?post=2226"}],"curies":[{"name":"wp","href":"https:\/\/api.w.org\/{rel}","templated":true}]}}