{"id":2061,"date":"2022-07-10T13:33:34","date_gmt":"2022-07-10T17:33:34","guid":{"rendered":"https:\/\/fundadeporte.gob.ve\/carabobo\/?p=2061"},"modified":"2022-07-10T13:33:34","modified_gmt":"2022-07-10T17:33:34","slug":"torneo-apertura-de-balonmano-infantil","status":"publish","type":"post","link":"https:\/\/fundadeporte.gob.ve\/carabobo\/torneo-apertura-de-balonmano-infantil\/","title":{"rendered":"Culmin\u00f3 con \u00e9xito Torneo Apertura de Balonmano Infantil desarrollado en el Complejo Deportivo Bicentenario Sim\u00f3n Bol\u00edvar"},"content":{"rendered":"<h4>El evento organizado por el entrenador Rafael Herrera sirvi\u00f3 c\u00f3mo evaluativo y preparativo para venideros eventos nacionales de la disciplina.<\/h4>\n<p>La competencia deportiva fue supervisada por la Asociaci\u00f3n de Balonmano del Estado Carabobo ASOBALCA, que preside el Profesor David Flores y cont\u00f3 con la colaboraci\u00f3n de Fundadeporte con asistencia de su presidente Jhonny Del Corral y El Club Valencia de Handball del Estado Carabobo quienes realizan un destacado trabajo de masificaci\u00f3n deportiva en esta disciplina<\/p>\n<figure id=\"attachment_2064\" aria-describedby=\"caption-attachment-2064\" style=\"width: 1080px\" class=\"wp-caption aligncenter\"><img loading=\"lazy\" decoding=\"async\" class=\"wp-image-2064 size-full\" src=\"https:\/\/fundadeporte.gob.ve\/carabobo\/wp-content\/uploads\/2022\/07\/Torneo-Apertura-de-Balonmano-Infantil-en-Naguanagua-1.jpeg\" alt=\"jugadores balomnano infantil\" width=\"1080\" height=\"810\" srcset=\"https:\/\/fundadeporte.gob.ve\/carabobo\/wp-content\/uploads\/2022\/07\/Torneo-Apertura-de-Balonmano-Infantil-en-Naguanagua-1.jpeg 1080w, https:\/\/fundadeporte.gob.ve\/carabobo\/wp-content\/uploads\/2022\/07\/Torneo-Apertura-de-Balonmano-Infantil-en-Naguanagua-1-300x225.jpeg 300w, https:\/\/fundadeporte.gob.ve\/carabobo\/wp-content\/uploads\/2022\/07\/Torneo-Apertura-de-Balonmano-Infantil-en-Naguanagua-1-1024x768.jpeg 1024w, https:\/\/fundadeporte.gob.ve\/carabobo\/wp-content\/uploads\/2022\/07\/Torneo-Apertura-de-Balonmano-Infantil-en-Naguanagua-1-768x576.jpeg 768w, https:\/\/fundadeporte.gob.ve\/carabobo\/wp-content\/uploads\/2022\/07\/Torneo-Apertura-de-Balonmano-Infantil-en-Naguanagua-1-136x102.jpeg 136w\" sizes=\"auto, (max-width: 1080px) 100vw, 1080px\" \/><figcaption id=\"caption-attachment-2064\" class=\"wp-caption-text\">El Presidente de Fundadeporte, Jhonny Del Corral y el entrenador Rafael Herrera con los deportistas del equipo m\u00e1s destacado.<\/figcaption><\/figure>\n<p>Con la visita de colegios aleda\u00f1os a Recientemente el entrenador Rafael Herrera, especialista en la disciplina de Balonmano, inici\u00f3 la captaci\u00f3n de talentos de ni\u00f1as y ni\u00f1os para formar parte de la Unidad Educativa de Talento Deportivo (UETD) ubicada en la Isabelica, con aspirantes nacidos en 2009-2010-2011 quienes ser\u00e1n sometidos a evaluaciones de sus condiciones f\u00edsicas y t\u00e9cnicas con la finalidad de formar los futuros talentos que tendr\u00e1n la responsabilidad de representar al estado Carabobo en diversos eventos deportivos a nivel nacional.<\/p>\n<p>El Torneo Apertura de Balonmano Sala categor\u00eda Infantil, se realiz\u00f3 el viernes 8 de julio 2022 en el Complejo Deportivo Bicentenario Sim\u00f3n Bol\u00edvar localizado en la Avenida Salvador Feo la Cruz con Avenida Paseo Venezuela de Naguanagua.<\/p>\n","protected":false},"excerpt":{"rendered":"<p>El evento organizado por el entrenador Rafael Herrera sirvi\u00f3 c\u00f3mo evaluativo y preparativo para venideros eventos nacionales de la disciplina. La competencia deportiva fue supervisada por la Asociaci\u00f3n de Balonmano del Estado Carabobo ASOBALCA, que preside el Profesor David Flores y cont\u00f3 con la colaboraci\u00f3n de Fundadeporte con asistencia de su presidente Jhonny Del Corral [&hellip;]<\/p>\n","protected":false},"author":4,"featured_media":2063,"comment_status":"open","ping_status":"closed","sticky":false,"template":"","format":"standard","meta":{"om_disable_all_campaigns":false,"_monsterinsights_skip_tracking":false,"_monsterinsights_sitenote_active":false,"_monsterinsights_sitenote_note":"","_monsterinsights_sitenote_category":0,"footnotes":""},"categories":[3],"tags":[62],"class_list":["post-2061","post","type-post","status-publish","format-standard","has-post-thumbnail","hentry","category-internacionales","tag-rafael-herrera"],"_links":{"self":[{"href":"https:\/\/fundadeporte.gob.ve\/carabobo\/wp-json\/wp\/v2\/posts\/2061","targetHints":{"allow":["GET"]}}],"collection":[{"href":"https:\/\/fundadeporte.gob.ve\/carabobo\/wp-json\/wp\/v2\/posts"}],"about":[{"href":"https:\/\/fundadeporte.gob.ve\/carabobo\/wp-json\/wp\/v2\/types\/post"}],"author":[{"embeddable":true,"href":"https:\/\/fundadeporte.gob.ve\/carabobo\/wp-json\/wp\/v2\/users\/4"}],"replies":[{"embeddable":true,"href":"https:\/\/fundadeporte.gob.ve\/carabobo\/wp-json\/wp\/v2\/comments?post=2061"}],"version-history":[{"count":1,"href":"https:\/\/fundadeporte.gob.ve\/carabobo\/wp-json\/wp\/v2\/posts\/2061\/revisions"}],"predecessor-version":[{"id":2065,"href":"https:\/\/fundadeporte.gob.ve\/carabobo\/wp-json\/wp\/v2\/posts\/2061\/revisions\/2065"}],"wp:featuredmedia":[{"embeddable":true,"href":"https:\/\/fundadeporte.gob.ve\/carabobo\/wp-json\/wp\/v2\/media\/2063"}],"wp:attachment":[{"href":"https:\/\/fundadeporte.gob.ve\/carabobo\/wp-json\/wp\/v2\/media?parent=2061"}],"wp:term":[{"taxonomy":"category","embeddable":true,"href":"https:\/\/fundadeporte.gob.ve\/carabobo\/wp-json\/wp\/v2\/categories?post=2061"},{"taxonomy":"post_tag","embeddable":true,"href":"https:\/\/fundadeporte.gob.ve\/carabobo\/wp-json\/wp\/v2\/tags?post=2061"}],"curies":[{"name":"wp","href":"https:\/\/api.w.org\/{rel}","templated":true}]}}