{"id":1738,"date":"2022-06-06T21:55:20","date_gmt":"2022-06-07T01:55:20","guid":{"rendered":"https:\/\/fundadeporte.gob.ve\/carabobo\/?p=1738"},"modified":"2022-06-06T22:22:59","modified_gmt":"2022-06-07T02:22:59","slug":"vladimir-rodriguez-bmx-pks-2022","status":"publish","type":"post","link":"https:\/\/fundadeporte.gob.ve\/carabobo\/vladimir-rodriguez-bmx-pks-2022\/","title":{"rendered":"El carabobe\u00f1o Vladimir Rodr\u00edguez logr\u00f3 Plata en la Copa Latinoamericana de Bmx PKS 2022"},"content":{"rendered":"<h4>En la categor\u00eda Elite Varones se consagr\u00f3 Campe\u00f3n el brasile\u00f1o Pedro Santos. Subcampe\u00f3n el venezolano Vladimir Rodr\u00edguez y Medalla de Bronce para el chileno Hernan Godoy<\/h4>\n<p>Este sobresaliente triunfo forma parte del cuarto round organizado en Per\u00fa, ya que previamente en Ecuador se hab\u00eda competido en el 1er y 2do round el mes de marzo. Este evento coincide con la la fecha del Campeonato Sudamericano de BMX en base a esta organizaci\u00f3n de competencias en el Continente, determinada por la COPAB y la COPACI.<\/p>\n<figure id=\"attachment_1743\" aria-describedby=\"caption-attachment-1743\" style=\"width: 1080px\" class=\"wp-caption aligncenter\"><img loading=\"lazy\" decoding=\"async\" class=\"size-full wp-image-1743\" src=\"https:\/\/fundadeporte.gob.ve\/carabobo\/wp-content\/uploads\/2022\/06\/Vladimir-Rodriguez-BMX-podium.jpg\" alt=\"ganadores BMX premios\" width=\"1080\" height=\"607\" srcset=\"https:\/\/fundadeporte.gob.ve\/carabobo\/wp-content\/uploads\/2022\/06\/Vladimir-Rodriguez-BMX-podium.jpg 1080w, https:\/\/fundadeporte.gob.ve\/carabobo\/wp-content\/uploads\/2022\/06\/Vladimir-Rodriguez-BMX-podium-300x169.jpg 300w, https:\/\/fundadeporte.gob.ve\/carabobo\/wp-content\/uploads\/2022\/06\/Vladimir-Rodriguez-BMX-podium-1024x576.jpg 1024w, https:\/\/fundadeporte.gob.ve\/carabobo\/wp-content\/uploads\/2022\/06\/Vladimir-Rodriguez-BMX-podium-768x432.jpg 768w\" sizes=\"auto, (max-width: 1080px) 100vw, 1080px\" \/><figcaption id=\"caption-attachment-1743\" class=\"wp-caption-text\">Brasil, Venezuela y Chile con todos los destacados de la categor\u00eda Elite Masculino<\/figcaption><\/figure>\n<p>Entre los logros del ciclista podemos contar la medalla de oro en la modalidad de Keirin en el campeonato Nacional Juvenil de Ciclismo de Pista y Ruta en el 2016, una destacada participaci\u00f3n en el Panamericano Juvenil de Ciclismo de Pista 2016 y la medalla de Plata en la prueba contra reloj categor\u00eda juvenil del Campeonato Nacional de Ciclismo 2017.<\/p>\n<p>El destacado Jholman Sivira de Venezuela hab\u00eda obtenido Oro en el Campeonato Suramericano de BMX, pero en esta oportunidad se mantuvo entre los tres primeros en todas las mangas eliminatorias; sin embargo, una ca\u00edda m\u00faltiple en la final, lo dejo fuera del p\u00f3dium.<\/p>\n<figure id=\"attachment_1740\" aria-describedby=\"caption-attachment-1740\" style=\"width: 1080px\" class=\"wp-caption aligncenter\"><img loading=\"lazy\" decoding=\"async\" class=\"size-full wp-image-1740\" src=\"https:\/\/fundadeporte.gob.ve\/carabobo\/wp-content\/uploads\/2022\/06\/seleccion-nacional-de-BMX.jpg\" alt=\"deporte BMX ciclismo\" width=\"1080\" height=\"804\" srcset=\"https:\/\/fundadeporte.gob.ve\/carabobo\/wp-content\/uploads\/2022\/06\/seleccion-nacional-de-BMX.jpg 1080w, https:\/\/fundadeporte.gob.ve\/carabobo\/wp-content\/uploads\/2022\/06\/seleccion-nacional-de-BMX-300x223.jpg 300w, https:\/\/fundadeporte.gob.ve\/carabobo\/wp-content\/uploads\/2022\/06\/seleccion-nacional-de-BMX-1024x762.jpg 1024w, https:\/\/fundadeporte.gob.ve\/carabobo\/wp-content\/uploads\/2022\/06\/seleccion-nacional-de-BMX-768x572.jpg 768w, https:\/\/fundadeporte.gob.ve\/carabobo\/wp-content\/uploads\/2022\/06\/seleccion-nacional-de-BMX-136x102.jpg 136w\" sizes=\"auto, (max-width: 1080px) 100vw, 1080px\" \/><figcaption id=\"caption-attachment-1740\" class=\"wp-caption-text\">La selecci\u00f3n nacional de BMX Vladimir Rodr\u00edguez, Jholman Sivira, Raidex Bola\u00f1os y Karelys P\u00e9rez<\/figcaption><\/figure>\n<p>La Federaci\u00f3n Deportiva Nacional Peruana de Ciclismo &#8211; FDPC y el co-organizador Ciclismo Extremo Peruano fueron los anfitriones del evento contemplando las categor\u00edas Challenger y Championship, realizados el 4 y 5 de Junio en la ciudad de Lima, en el circuito de la Costa Verde, San Miguel.<\/p>\n","protected":false},"excerpt":{"rendered":"<p>En la categor\u00eda Elite Varones se consagr\u00f3 Campe\u00f3n el brasile\u00f1o Pedro Santos. Subcampe\u00f3n el venezolano Vladimir Rodr\u00edguez y Medalla de Bronce para el chileno Hernan Godoy Este sobresaliente triunfo forma parte del cuarto round organizado en Per\u00fa, ya que previamente en Ecuador se hab\u00eda competido en el 1er y 2do round el mes de marzo. [&hellip;]<\/p>\n","protected":false},"author":4,"featured_media":1739,"comment_status":"open","ping_status":"closed","sticky":false,"template":"","format":"standard","meta":{"om_disable_all_campaigns":false,"_monsterinsights_skip_tracking":false,"_monsterinsights_sitenote_active":false,"_monsterinsights_sitenote_note":"","_monsterinsights_sitenote_category":0,"footnotes":""},"categories":[21],"tags":[],"class_list":["post-1738","post","type-post","status-publish","format-standard","has-post-thumbnail","hentry","category-ciclismo"],"_links":{"self":[{"href":"https:\/\/fundadeporte.gob.ve\/carabobo\/wp-json\/wp\/v2\/posts\/1738","targetHints":{"allow":["GET"]}}],"collection":[{"href":"https:\/\/fundadeporte.gob.ve\/carabobo\/wp-json\/wp\/v2\/posts"}],"about":[{"href":"https:\/\/fundadeporte.gob.ve\/carabobo\/wp-json\/wp\/v2\/types\/post"}],"author":[{"embeddable":true,"href":"https:\/\/fundadeporte.gob.ve\/carabobo\/wp-json\/wp\/v2\/users\/4"}],"replies":[{"embeddable":true,"href":"https:\/\/fundadeporte.gob.ve\/carabobo\/wp-json\/wp\/v2\/comments?post=1738"}],"version-history":[{"count":4,"href":"https:\/\/fundadeporte.gob.ve\/carabobo\/wp-json\/wp\/v2\/posts\/1738\/revisions"}],"predecessor-version":[{"id":1745,"href":"https:\/\/fundadeporte.gob.ve\/carabobo\/wp-json\/wp\/v2\/posts\/1738\/revisions\/1745"}],"wp:featuredmedia":[{"embeddable":true,"href":"https:\/\/fundadeporte.gob.ve\/carabobo\/wp-json\/wp\/v2\/media\/1739"}],"wp:attachment":[{"href":"https:\/\/fundadeporte.gob.ve\/carabobo\/wp-json\/wp\/v2\/media?parent=1738"}],"wp:term":[{"taxonomy":"category","embeddable":true,"href":"https:\/\/fundadeporte.gob.ve\/carabobo\/wp-json\/wp\/v2\/categories?post=1738"},{"taxonomy":"post_tag","embeddable":true,"href":"https:\/\/fundadeporte.gob.ve\/carabobo\/wp-json\/wp\/v2\/tags?post=1738"}],"curies":[{"name":"wp","href":"https:\/\/api.w.org\/{rel}","templated":true}]}}