{"id":1697,"date":"2022-06-03T11:24:40","date_gmt":"2022-06-03T15:24:40","guid":{"rendered":"https:\/\/fundadeporte.gob.ve\/carabobo\/?p=1697"},"modified":"2022-06-03T15:06:01","modified_gmt":"2022-06-03T19:06:01","slug":"congresillo-tecnico-beisbol-u15","status":"publish","type":"post","link":"https:\/\/fundadeporte.gob.ve\/carabobo\/congresillo-tecnico-beisbol-u15\/","title":{"rendered":"Realizados Congresillo T\u00e9cnico y Abanderamiento en la ruta del Campeonato Pre-Mundial de B\u00e9isbol U15"},"content":{"rendered":"<h4>El gran juego inaugural se realizar\u00e1 entre Puerto Rico y Venezuela el 3 de junio en el estadio Jos\u00e9 Bernardo P\u00e9rez<\/h4>\n<p>La Federaci\u00f3n Venezolana de B\u00e9isbol (FVB), realiz\u00f3 este jueves 2 de junio en horas de la noche, el Congresillo T\u00e9cnico en el sal\u00f3n Prebo de un reconocido hotel de la ciudad de Valencia, donde dej\u00f3 sentada las bases del Premundial de b\u00e9isbol U15, que repartir\u00e1 cuatro cupos para la cita ecum\u00e9nica que se realizar\u00e1 en Hermosillo, M\u00e9xico del 26 de agosto al 4 de septiembre.<\/p>\n<figure id=\"attachment_1700\" aria-describedby=\"caption-attachment-1700\" style=\"width: 1080px\" class=\"wp-caption aligncenter\"><img loading=\"lazy\" decoding=\"async\" class=\"size-full wp-image-1700\" src=\"https:\/\/fundadeporte.gob.ve\/carabobo\/wp-content\/uploads\/2022\/06\/congresillo-premundial-beisbol.jpg\" alt=\"premundial u15\" width=\"1080\" height=\"720\" srcset=\"https:\/\/fundadeporte.gob.ve\/carabobo\/wp-content\/uploads\/2022\/06\/congresillo-premundial-beisbol.jpg 1080w, https:\/\/fundadeporte.gob.ve\/carabobo\/wp-content\/uploads\/2022\/06\/congresillo-premundial-beisbol-300x200.jpg 300w, https:\/\/fundadeporte.gob.ve\/carabobo\/wp-content\/uploads\/2022\/06\/congresillo-premundial-beisbol-1024x683.jpg 1024w, https:\/\/fundadeporte.gob.ve\/carabobo\/wp-content\/uploads\/2022\/06\/congresillo-premundial-beisbol-768x512.jpg 768w\" sizes=\"auto, (max-width: 1080px) 100vw, 1080px\" \/><figcaption id=\"caption-attachment-1700\" class=\"wp-caption-text\">El encuentro reuni\u00f3 a personalidades y representantes del deporte entre ellos el Viceministro del Deporte Juan Amarante, Aracelis Le\u00f3n y Jhonny Del Corral<\/figcaption><\/figure>\n<p>La asistencia fue concurrida con las delegaciones Colombia, Cuba, Panam\u00e1, Puerto Rico, Rep\u00fablica Dominicana y Venezuela quienes batallar\u00e1n en el terreno del 3 al 12 del mes en curso, en la casa de los Navegantes del Magallanes el estadio Jos\u00e9 Bernardo P\u00e9rez de Valencia, para inscribir su nombre en la V Copa Mundial de B\u00e9isbol Sub 15 de la Confederaci\u00f3n Mundial de B\u00e9isbol y Softbol (WBSC).<\/p>\n<p>La reuni\u00f3n t\u00e9cnica estuvo encabezada por Aracelis Le\u00f3n (Presidenta de la FVB), quien dio la bienvenida a las delegaciones asistentes, y estuvo acompa\u00f1ada en el presidio por Juan Amarante (Viceministro del Deporte), Jhonny del Corral (Presidente de la Fundaci\u00f3n para el Desarrollo del Deporte, Fundadeporte), Yazeida Peraza (Vicepresidencia de la selecci\u00f3n), \u00c1ngel Delgado (Vicepresidente T\u00e9cnico de la FVB), Oscar Izaguirre (Tesorero y Director de Anotaci\u00f3n), Miguel Hern\u00e1ndez (Presidente de la Liga de \u00c1rbitros de la LVBP), Liliana Melean (Presidente Asociaci\u00f3n de Carabobo).<\/p>\n<figure id=\"attachment_1711\" aria-describedby=\"caption-attachment-1711\" style=\"width: 1080px\" class=\"wp-caption aligncenter\"><img loading=\"lazy\" decoding=\"async\" class=\"size-full wp-image-1711\" src=\"https:\/\/fundadeporte.gob.ve\/carabobo\/wp-content\/uploads\/2022\/06\/Viceministro-del-Deporte-Juan-Amarante.jpg\" alt=\"\" width=\"1080\" height=\"720\" srcset=\"https:\/\/fundadeporte.gob.ve\/carabobo\/wp-content\/uploads\/2022\/06\/Viceministro-del-Deporte-Juan-Amarante.jpg 1080w, https:\/\/fundadeporte.gob.ve\/carabobo\/wp-content\/uploads\/2022\/06\/Viceministro-del-Deporte-Juan-Amarante-300x200.jpg 300w, https:\/\/fundadeporte.gob.ve\/carabobo\/wp-content\/uploads\/2022\/06\/Viceministro-del-Deporte-Juan-Amarante-1024x683.jpg 1024w, https:\/\/fundadeporte.gob.ve\/carabobo\/wp-content\/uploads\/2022\/06\/Viceministro-del-Deporte-Juan-Amarante-768x512.jpg 768w\" sizes=\"auto, (max-width: 1080px) 100vw, 1080px\" \/><figcaption id=\"caption-attachment-1711\" class=\"wp-caption-text\">Viceministro del Deporte Juan Amarante durante su intervenci\u00f3n<\/figcaption><\/figure>\n<p>Por su parte, el Viceministro del Deporte, Juan Amarante, dio unas palabras de bienvenida a los asistentes, donde destac\u00f3 que, en nombre del presidente Nicol\u00e1s Maduro y Melvin Maldonado, Ministro del Poder Popular para la Juventud y Deporte, le dio al pa\u00eds una responsabilidad sumamente importante, que es llevar a cabo el premundial de b\u00e9isbol con el mayor de los \u00e9xitos.<\/p>\n<p>\u00abTremenda tarea tenemos, llevar a cabo el premundial y realizarlo con el mayor de los \u00e9xitos, en este pa\u00eds se ha sembrado la disciplina desde los mas peque\u00f1o, primera vez que se realiza en Venezuela un premundial de b\u00e9isbol y sobre todo en esta categor\u00eda, donde estos j\u00f3venes que en un futuro no muy lejano ser\u00e1n los que nos representes en las grandes ligas\u00bb, dijo Amarante.<\/p>\n<figure id=\"attachment_1712\" aria-describedby=\"caption-attachment-1712\" style=\"width: 1080px\" class=\"wp-caption aligncenter\"><img loading=\"lazy\" decoding=\"async\" class=\"size-full wp-image-1712\" src=\"https:\/\/fundadeporte.gob.ve\/carabobo\/wp-content\/uploads\/2022\/06\/Jhonny-Del-Corral-Fundadeporte.jpg\" alt=\"\" width=\"1080\" height=\"720\" srcset=\"https:\/\/fundadeporte.gob.ve\/carabobo\/wp-content\/uploads\/2022\/06\/Jhonny-Del-Corral-Fundadeporte.jpg 1080w, https:\/\/fundadeporte.gob.ve\/carabobo\/wp-content\/uploads\/2022\/06\/Jhonny-Del-Corral-Fundadeporte-300x200.jpg 300w, https:\/\/fundadeporte.gob.ve\/carabobo\/wp-content\/uploads\/2022\/06\/Jhonny-Del-Corral-Fundadeporte-1024x683.jpg 1024w, https:\/\/fundadeporte.gob.ve\/carabobo\/wp-content\/uploads\/2022\/06\/Jhonny-Del-Corral-Fundadeporte-768x512.jpg 768w\" sizes=\"auto, (max-width: 1080px) 100vw, 1080px\" \/><figcaption id=\"caption-attachment-1712\" class=\"wp-caption-text\">Jhonny Del Corral en representaci\u00f3n de la Gobernaci\u00f3n de Carabobo y Fundadeporte<\/figcaption><\/figure>\n<p>De igual forma, Jhonny del Corral, Presidente de Fundadeporte, en nombre del Gobernador Rafael Lacava, dej\u00f3 un mensaje para todas la delegaciones, \u00abes un orgullo tener los pa\u00edses hermanos reunidos aqu\u00ed, todos somos presentes y futuro porque estos chamos hoy son presente pero ma\u00f1ana ser\u00e1n los futuros grandes ligas, el gobernador Rafael Lacava les abre las puertas a todas las delegaciones, si\u00e9ntanse en casa y protegidos\u00bb, finaliz\u00f3.<\/p>\n<p>La tertulia sirvi\u00f3 para aclarar diferentes puntos como, reglas del juego, arbitraje, seguridad, protecci\u00f3n social, indumentaria de los equipos, horarios de entrenamientos, condiciones de home club, estad\u00edsticas, resultados, control de lanzamientos, medidas de protocolo, medios de comunicaci\u00f3n y todo lo referente a la log\u00edstica del evento.<\/p>\n<h2>Abanderamiento de la Selecci\u00f3n Nacional U15<\/h2>\n<p>Se realizo en el estadio Jos\u00e9 Bernardo P\u00e9rez de Valencia el mi\u00e9rcoles 1 de junio en los preparativos del equipo Nacional con la asistencia del Ministro del Poder Popular para Juventud y Deporte Mervin Maldonado, la Presidenta de la Federaci\u00f3n Venezolana De B\u00e9isbol Aracelis Le\u00f3n, el Presidente de Fundadeporte Jhonny Del Corral, entre otras m\u00e1ximas autoridades deportivas del pa\u00eds y la regi\u00f3n.<\/p>\n<figure id=\"attachment_1703\" aria-describedby=\"caption-attachment-1703\" style=\"width: 1080px\" class=\"wp-caption aligncenter\"><img loading=\"lazy\" decoding=\"async\" class=\"size-full wp-image-1703\" src=\"https:\/\/fundadeporte.gob.ve\/carabobo\/wp-content\/uploads\/2022\/06\/abanderamiento-beisbolU15-a.jpeg\" alt=\"\" width=\"1080\" height=\"649\" srcset=\"https:\/\/fundadeporte.gob.ve\/carabobo\/wp-content\/uploads\/2022\/06\/abanderamiento-beisbolU15-a.jpeg 1080w, https:\/\/fundadeporte.gob.ve\/carabobo\/wp-content\/uploads\/2022\/06\/abanderamiento-beisbolU15-a-300x180.jpeg 300w, https:\/\/fundadeporte.gob.ve\/carabobo\/wp-content\/uploads\/2022\/06\/abanderamiento-beisbolU15-a-1024x615.jpeg 1024w, https:\/\/fundadeporte.gob.ve\/carabobo\/wp-content\/uploads\/2022\/06\/abanderamiento-beisbolU15-a-768x462.jpeg 768w\" sizes=\"auto, (max-width: 1080px) 100vw, 1080px\" \/><figcaption id=\"caption-attachment-1703\" class=\"wp-caption-text\">Franklin Rojas capit\u00e1n del equipo de Venezuela recibe la tricolor nacional<\/figcaption><\/figure>\n<p>El torneo continental est\u00e1 programado del 3 al 12 de junio. Los 6 Equipos participantes son el n\u00ba 11 Colombia, n\u00ba 9 Cuba, n\u00ba 7 Rep\u00fablica Dominicana, n\u00ba 13 Panam\u00e1, n\u00ba 16 Puerto Rico y n\u00ba 6 Venezuela.<\/p>\n<figure id=\"attachment_1704\" aria-describedby=\"caption-attachment-1704\" style=\"width: 1080px\" class=\"wp-caption aligncenter\"><img loading=\"lazy\" decoding=\"async\" class=\"size-full wp-image-1704\" src=\"https:\/\/fundadeporte.gob.ve\/carabobo\/wp-content\/uploads\/2022\/06\/abanderamiento-beisbolU15.jpeg\" alt=\"\" width=\"1080\" height=\"782\" srcset=\"https:\/\/fundadeporte.gob.ve\/carabobo\/wp-content\/uploads\/2022\/06\/abanderamiento-beisbolU15.jpeg 1080w, https:\/\/fundadeporte.gob.ve\/carabobo\/wp-content\/uploads\/2022\/06\/abanderamiento-beisbolU15-300x217.jpeg 300w, https:\/\/fundadeporte.gob.ve\/carabobo\/wp-content\/uploads\/2022\/06\/abanderamiento-beisbolU15-1024x741.jpeg 1024w, https:\/\/fundadeporte.gob.ve\/carabobo\/wp-content\/uploads\/2022\/06\/abanderamiento-beisbolU15-768x556.jpeg 768w\" sizes=\"auto, (max-width: 1080px) 100vw, 1080px\" \/><figcaption id=\"caption-attachment-1704\" class=\"wp-caption-text\">Autoridades deportivas presentes en el acto protocolar<\/figcaption><\/figure>\n<p>Los cinco mejores equipos del evento de las Am\u00e9ricas se clasificar\u00e1n para la Copa Mundial Sub-15 de la WBSC que est\u00e1 programada del 26 de agosto al 4 de septiembre en Hermosillo, M\u00e9xico. El n\u00ba 5 del mundo, EE.UU., es el actual campe\u00f3n mundial Sub-15.<\/p>\n<h3>Equipo Venezolano<\/h3>\n<figure id=\"attachment_1707\" aria-describedby=\"caption-attachment-1707\" style=\"width: 1080px\" class=\"wp-caption aligncenter\"><img loading=\"lazy\" decoding=\"async\" class=\"size-full wp-image-1707\" src=\"https:\/\/fundadeporte.gob.ve\/carabobo\/wp-content\/uploads\/2022\/06\/equipo-beisbol-u15.jpg\" alt=\"equipo beisbol juvenil u15\" width=\"1080\" height=\"716\" srcset=\"https:\/\/fundadeporte.gob.ve\/carabobo\/wp-content\/uploads\/2022\/06\/equipo-beisbol-u15.jpg 1080w, https:\/\/fundadeporte.gob.ve\/carabobo\/wp-content\/uploads\/2022\/06\/equipo-beisbol-u15-300x199.jpg 300w, https:\/\/fundadeporte.gob.ve\/carabobo\/wp-content\/uploads\/2022\/06\/equipo-beisbol-u15-1024x679.jpg 1024w, https:\/\/fundadeporte.gob.ve\/carabobo\/wp-content\/uploads\/2022\/06\/equipo-beisbol-u15-768x509.jpg 768w\" sizes=\"auto, (max-width: 1080px) 100vw, 1080px\" \/><figcaption id=\"caption-attachment-1707\" class=\"wp-caption-text\">En d\u00edas previos el Team B\u00e9isbol U15 se prepar\u00f3 enfrentando a la Pre-Selecci\u00f3n U18 en Guacara<\/figcaption><\/figure>\n<p>El grupo nacional dirigido por Juan Carlos Morales esta finalmente conformado por:<br \/>\nInfielders: Gabriel Rodr\u00edguez, Nestor Urbina, Kennew Blanco, Aaron Pi\u00f1ero.<br \/>\nPitchers: Carlos \u00c1vilam Carlos Pernalete, Julio Rengifo, Alexandre Valdiviezo, Rafael Lasorsa, Yaiker Torrelles, Jheifer Ram\u00edrez, Kavin Noguera.<br \/>\nOutfielders: Eryks Rivero, C\u00e9sar Lugo, Pascual Archila<\/p>\n","protected":false},"excerpt":{"rendered":"<p>El gran juego inaugural se realizar\u00e1 entre Puerto Rico y Venezuela el 3 de junio en el estadio Jos\u00e9 Bernardo P\u00e9rez La Federaci\u00f3n Venezolana de B\u00e9isbol (FVB), realiz\u00f3 este jueves 2 de junio en horas de la noche, el Congresillo T\u00e9cnico en el sal\u00f3n Prebo de un reconocido hotel de la ciudad de Valencia, donde [&hellip;]<\/p>\n","protected":false},"author":4,"featured_media":1698,"comment_status":"open","ping_status":"closed","sticky":false,"template":"","format":"standard","meta":{"om_disable_all_campaigns":false,"_monsterinsights_skip_tracking":false,"_monsterinsights_sitenote_active":false,"_monsterinsights_sitenote_note":"","_monsterinsights_sitenote_category":0,"footnotes":""},"categories":[43],"tags":[40],"class_list":["post-1697","post","type-post","status-publish","format-standard","has-post-thumbnail","hentry","category-beisbol","tag-premundial-de-beisbol-u15"],"_links":{"self":[{"href":"https:\/\/fundadeporte.gob.ve\/carabobo\/wp-json\/wp\/v2\/posts\/1697","targetHints":{"allow":["GET"]}}],"collection":[{"href":"https:\/\/fundadeporte.gob.ve\/carabobo\/wp-json\/wp\/v2\/posts"}],"about":[{"href":"https:\/\/fundadeporte.gob.ve\/carabobo\/wp-json\/wp\/v2\/types\/post"}],"author":[{"embeddable":true,"href":"https:\/\/fundadeporte.gob.ve\/carabobo\/wp-json\/wp\/v2\/users\/4"}],"replies":[{"embeddable":true,"href":"https:\/\/fundadeporte.gob.ve\/carabobo\/wp-json\/wp\/v2\/comments?post=1697"}],"version-history":[{"count":9,"href":"https:\/\/fundadeporte.gob.ve\/carabobo\/wp-json\/wp\/v2\/posts\/1697\/revisions"}],"predecessor-version":[{"id":1713,"href":"https:\/\/fundadeporte.gob.ve\/carabobo\/wp-json\/wp\/v2\/posts\/1697\/revisions\/1713"}],"wp:featuredmedia":[{"embeddable":true,"href":"https:\/\/fundadeporte.gob.ve\/carabobo\/wp-json\/wp\/v2\/media\/1698"}],"wp:attachment":[{"href":"https:\/\/fundadeporte.gob.ve\/carabobo\/wp-json\/wp\/v2\/media?parent=1697"}],"wp:term":[{"taxonomy":"category","embeddable":true,"href":"https:\/\/fundadeporte.gob.ve\/carabobo\/wp-json\/wp\/v2\/categories?post=1697"},{"taxonomy":"post_tag","embeddable":true,"href":"https:\/\/fundadeporte.gob.ve\/carabobo\/wp-json\/wp\/v2\/tags?post=1697"}],"curies":[{"name":"wp","href":"https:\/\/api.w.org\/{rel}","templated":true}]}}